{"id":735,"date":"2023-08-23T12:43:37","date_gmt":"2023-08-23T10:43:37","guid":{"rendered":"https:\/\/kominki-elektryczne.pl\/blog\/?p=735"},"modified":"2024-10-08T12:14:43","modified_gmt":"2024-10-08T10:14:43","slug":"kominek-elektryczny-led-vigo-bialy-dab-aflamo","status":"publish","type":"post","link":"https:\/\/kominki-elektryczne.pl\/blog\/2023\/08\/23\/kominek-elektryczny-led-vigo-bialy-dab-aflamo\/","title":{"rendered":"Kominek elektryczny LED Vigo bia\u0142y + d\u0105b Aflamo"},"content":{"rendered":"\n<p>Dzie\u0144 dobry,<\/p>\n\n\n\n<p>mamy super promocje na kominek elektryczny VIGO bia\u0142y z akcentem w kolorze d\u0105b sonoma. <br>Jako jedyni posiadamy trzy ostatnie sztuki tego modelu kominka, kt\u00f3rego ju\u017c raczej nie b\u0119dzie.<\/p>\n\n\n\n<p>Kominek Vigo posiada wymiary 90x90x30 cm idealnie pasuje do ka\u017cdego wn\u0119trza ze wzgl\u0119dy w\u0142a\u015bnie na sw\u00f3j zgrabny wymiar. Oferujemy do tej obudowy wk\u0142ad do wyboru:<\/p>\n\n\n\n<ul class=\"wp-block-list\"><li>LED 60<\/li><li>LED 60 3D<\/li><\/ul>\n\n\n\n<p>Zach\u0119camy do zapoznania si\u0119 z tym produktem jak i r\u00f3wnie\u017c do zakup\u00f3w w naszym sklepie.<br><br><a href=\"https:\/\/www.kominki-elektryczne.pl\/pl\/-strefa-okazji-\/576-kominek-elektryczny-led-vigo-led-60-bialy-dab-aflamo.html\" target=\"_blank\" rel=\"noreferrer noopener\">Vigo bia\u0142y + d\u0105b LED 60<\/a><br><a href=\"https:\/\/www.kominki-elektryczne.pl\/pl\/glowna\/575-kominek-elektryczny-led-vigo-3d-bialy-dab-aflamo.html\" target=\"_blank\" rel=\"noreferrer noopener\">Vigo bia\u0142y + d\u0105b LED 60 3D<\/a><\/p>\n\n\n\n<div class=\"wp-block-image\"><figure class=\"aligncenter size-full is-resized\"><img loading=\"lazy\" decoding=\"async\" src=\"https:\/\/kominki-elektryczne.pl\/blog\/wp-content\/uploads\/2023\/08\/kominek-elektryczny-led-vigo-3d-bialy-dab-aflamo.png\" alt=\"\" class=\"wp-image-736\" width=\"592\" height=\"592\" srcset=\"https:\/\/kominki-elektryczne.pl\/blog\/wp-content\/uploads\/2023\/08\/kominek-elektryczny-led-vigo-3d-bialy-dab-aflamo.png 800w, https:\/\/kominki-elektryczne.pl\/blog\/wp-content\/uploads\/2023\/08\/kominek-elektryczny-led-vigo-3d-bialy-dab-aflamo-300x300.png 300w, https:\/\/kominki-elektryczne.pl\/blog\/wp-content\/uploads\/2023\/08\/kominek-elektryczny-led-vigo-3d-bialy-dab-aflamo-150x150.png 150w, https:\/\/kominki-elektryczne.pl\/blog\/wp-content\/uploads\/2023\/08\/kominek-elektryczny-led-vigo-3d-bialy-dab-aflamo-768x768.png 768w, https:\/\/kominki-elektryczne.pl\/blog\/wp-content\/uploads\/2023\/08\/kominek-elektryczny-led-vigo-3d-bialy-dab-aflamo-100x100.png 100w\" sizes=\"auto, (max-width: 592px) 100vw, 592px\" \/><figcaption>Kominek elektryczny LED VIGO bia\u0142y + d\u0105b<\/figcaption><\/figure><\/div>\n","protected":false},"excerpt":{"rendered":"<p>Dzie\u0144 dobry, mamy super promocje na kominek elektryczny VIGO bia\u0142y z akcentem w kolorze d\u0105b sonoma. Jako jedyni posiadamy trzy ostatnie sztuki tego modelu kominka, kt\u00f3rego ju\u017c raczej nie b\u0119dzie. Kominek Vigo posiada wymiary 90x90x30 cm idealnie pasuje do ka\u017cdego wn\u0119trza ze wzgl\u0119dy w\u0142a\u015bnie na &hellip; <\/p>\n","protected":false},"author":1,"featured_media":0,"comment_status":"closed","ping_status":"closed","sticky":false,"template":"","format":"standard","meta":{"footnotes":""},"categories":[1],"tags":[15,63,96],"class_list":["post-735","post","type-post","status-publish","format-standard","hentry","category-bez-kategorii","tag-kominek","tag-kominek-elektryczny","tag-kominek-led"],"yoast_head":"<!-- This site is optimized with the Yoast SEO plugin v25.7 - https:\/\/yoast.com\/wordpress\/plugins\/seo\/ -->\n<title>Kominek elektryczny LED Vigo bia\u0142y + d\u0105b Aflamo - Kominki-Elektryczne.pl<\/title>\n<meta name=\"robots\" content=\"index, follow, max-snippet:-1, max-image-preview:large, max-video-preview:-1\" \/>\n<link rel=\"canonical\" href=\"https:\/\/kominki-elektryczne.pl\/blog\/2023\/08\/23\/kominek-elektryczny-led-vigo-bialy-dab-aflamo\/\" \/>\n<meta property=\"og:locale\" content=\"pl_PL\" \/>\n<meta property=\"og:type\" content=\"article\" \/>\n<meta property=\"og:title\" content=\"Kominek elektryczny LED Vigo bia\u0142y + d\u0105b Aflamo - Kominki-Elektryczne.pl\" \/>\n<meta property=\"og:description\" content=\"Dzie\u0144 dobry, mamy super promocje na kominek elektryczny VIGO bia\u0142y z akcentem w kolorze d\u0105b sonoma. Jako jedyni posiadamy trzy ostatnie sztuki tego modelu kominka, kt\u00f3rego ju\u017c raczej nie b\u0119dzie. Kominek Vigo posiada wymiary 90x90x30 cm idealnie pasuje do ka\u017cdego wn\u0119trza ze wzgl\u0119dy w\u0142a\u015bnie na &hellip;\" \/>\n<meta property=\"og:url\" content=\"https:\/\/kominki-elektryczne.pl\/blog\/2023\/08\/23\/kominek-elektryczny-led-vigo-bialy-dab-aflamo\/\" \/>\n<meta property=\"og:site_name\" content=\"Kominki-Elektryczne.pl\" \/>\n<meta property=\"article:publisher\" content=\"https:\/\/www.facebook.com\/elektrycznekominki\" \/>\n<meta property=\"article:published_time\" content=\"2023-08-23T10:43:37+00:00\" \/>\n<meta property=\"article:modified_time\" content=\"2024-10-08T10:14:43+00:00\" \/>\n<meta property=\"og:image\" content=\"https:\/\/kominki-elektryczne.pl\/blog\/wp-content\/uploads\/2023\/08\/kominek-elektryczny-led-vigo-3d-bialy-dab-aflamo.png\" \/>\n\t<meta property=\"og:image:width\" content=\"800\" \/>\n\t<meta property=\"og:image:height\" content=\"800\" \/>\n\t<meta property=\"og:image:type\" content=\"image\/png\" \/>\n<meta name=\"author\" content=\"Kominkowy\" \/>\n<meta name=\"twitter:card\" content=\"summary_large_image\" \/>\n<meta name=\"twitter:label1\" content=\"Napisane przez\" \/>\n\t<meta name=\"twitter:data1\" content=\"Kominkowy\" \/>\n\t<meta name=\"twitter:label2\" content=\"Szacowany czas czytania\" \/>\n\t<meta name=\"twitter:data2\" content=\"1 minuta\" \/>\n<script type=\"application\/ld+json\" class=\"yoast-schema-graph\">{\"@context\":\"https:\/\/schema.org\",\"@graph\":[{\"@type\":\"Article\",\"@id\":\"https:\/\/kominki-elektryczne.pl\/blog\/2023\/08\/23\/kominek-elektryczny-led-vigo-bialy-dab-aflamo\/#article\",\"isPartOf\":{\"@id\":\"https:\/\/kominki-elektryczne.pl\/blog\/2023\/08\/23\/kominek-elektryczny-led-vigo-bialy-dab-aflamo\/\"},\"author\":{\"name\":\"Kominkowy\",\"@id\":\"https:\/\/kominki-elektryczne.pl\/blog\/#\/schema\/person\/045e7544e3e90364f5f82cc509123089\"},\"headline\":\"Kominek elektryczny LED Vigo bia\u0142y + d\u0105b Aflamo\",\"datePublished\":\"2023-08-23T10:43:37+00:00\",\"dateModified\":\"2024-10-08T10:14:43+00:00\",\"mainEntityOfPage\":{\"@id\":\"https:\/\/kominki-elektryczne.pl\/blog\/2023\/08\/23\/kominek-elektryczny-led-vigo-bialy-dab-aflamo\/\"},\"wordCount\":118,\"publisher\":{\"@id\":\"https:\/\/kominki-elektryczne.pl\/blog\/#organization\"},\"image\":{\"@id\":\"https:\/\/kominki-elektryczne.pl\/blog\/2023\/08\/23\/kominek-elektryczny-led-vigo-bialy-dab-aflamo\/#primaryimage\"},\"thumbnailUrl\":\"https:\/\/kominki-elektryczne.pl\/blog\/wp-content\/uploads\/2023\/08\/kominek-elektryczny-led-vigo-3d-bialy-dab-aflamo.png\",\"keywords\":[\"kominek\",\"kominek elektryczny\",\"kominek led\"],\"inLanguage\":\"pl-PL\"},{\"@type\":\"WebPage\",\"@id\":\"https:\/\/kominki-elektryczne.pl\/blog\/2023\/08\/23\/kominek-elektryczny-led-vigo-bialy-dab-aflamo\/\",\"url\":\"https:\/\/kominki-elektryczne.pl\/blog\/2023\/08\/23\/kominek-elektryczny-led-vigo-bialy-dab-aflamo\/\",\"name\":\"Kominek elektryczny LED Vigo bia\u0142y + d\u0105b Aflamo - Kominki-Elektryczne.pl\",\"isPartOf\":{\"@id\":\"https:\/\/kominki-elektryczne.pl\/blog\/#website\"},\"primaryImageOfPage\":{\"@id\":\"https:\/\/kominki-elektryczne.pl\/blog\/2023\/08\/23\/kominek-elektryczny-led-vigo-bialy-dab-aflamo\/#primaryimage\"},\"image\":{\"@id\":\"https:\/\/kominki-elektryczne.pl\/blog\/2023\/08\/23\/kominek-elektryczny-led-vigo-bialy-dab-aflamo\/#primaryimage\"},\"thumbnailUrl\":\"https:\/\/kominki-elektryczne.pl\/blog\/wp-content\/uploads\/2023\/08\/kominek-elektryczny-led-vigo-3d-bialy-dab-aflamo.png\",\"datePublished\":\"2023-08-23T10:43:37+00:00\",\"dateModified\":\"2024-10-08T10:14:43+00:00\",\"breadcrumb\":{\"@id\":\"https:\/\/kominki-elektryczne.pl\/blog\/2023\/08\/23\/kominek-elektryczny-led-vigo-bialy-dab-aflamo\/#breadcrumb\"},\"inLanguage\":\"pl-PL\",\"potentialAction\":[{\"@type\":\"ReadAction\",\"target\":[\"https:\/\/kominki-elektryczne.pl\/blog\/2023\/08\/23\/kominek-elektryczny-led-vigo-bialy-dab-aflamo\/\"]}]},{\"@type\":\"ImageObject\",\"inLanguage\":\"pl-PL\",\"@id\":\"https:\/\/kominki-elektryczne.pl\/blog\/2023\/08\/23\/kominek-elektryczny-led-vigo-bialy-dab-aflamo\/#primaryimage\",\"url\":\"https:\/\/kominki-elektryczne.pl\/blog\/wp-content\/uploads\/2023\/08\/kominek-elektryczny-led-vigo-3d-bialy-dab-aflamo.png\",\"contentUrl\":\"https:\/\/kominki-elektryczne.pl\/blog\/wp-content\/uploads\/2023\/08\/kominek-elektryczny-led-vigo-3d-bialy-dab-aflamo.png\",\"width\":800,\"height\":800},{\"@type\":\"BreadcrumbList\",\"@id\":\"https:\/\/kominki-elektryczne.pl\/blog\/2023\/08\/23\/kominek-elektryczny-led-vigo-bialy-dab-aflamo\/#breadcrumb\",\"itemListElement\":[{\"@type\":\"ListItem\",\"position\":1,\"name\":\"Strona g\u0142\u00f3wna\",\"item\":\"https:\/\/kominki-elektryczne.pl\/blog\/\"},{\"@type\":\"ListItem\",\"position\":2,\"name\":\"Kominek elektryczny LED Vigo bia\u0142y + d\u0105b Aflamo\"}]},{\"@type\":\"WebSite\",\"@id\":\"https:\/\/kominki-elektryczne.pl\/blog\/#website\",\"url\":\"https:\/\/kominki-elektryczne.pl\/blog\/\",\"name\":\"Kominki-Elektryczne.pl\",\"description\":\"Opisy - Porady - Recenzje\",\"publisher\":{\"@id\":\"https:\/\/kominki-elektryczne.pl\/blog\/#organization\"},\"potentialAction\":[{\"@type\":\"SearchAction\",\"target\":{\"@type\":\"EntryPoint\",\"urlTemplate\":\"https:\/\/kominki-elektryczne.pl\/blog\/?s={search_term_string}\"},\"query-input\":{\"@type\":\"PropertyValueSpecification\",\"valueRequired\":true,\"valueName\":\"search_term_string\"}}],\"inLanguage\":\"pl-PL\"},{\"@type\":\"Organization\",\"@id\":\"https:\/\/kominki-elektryczne.pl\/blog\/#organization\",\"name\":\"Kominki-Elektryczne.pl\",\"url\":\"https:\/\/kominki-elektryczne.pl\/blog\/\",\"logo\":{\"@type\":\"ImageObject\",\"inLanguage\":\"pl-PL\",\"@id\":\"https:\/\/kominki-elektryczne.pl\/blog\/#\/schema\/logo\/image\/\",\"url\":\"https:\/\/kominki-elektryczne.pl\/blog\/wp-content\/uploads\/2025\/04\/cropped-LogoAflamo.jpg\",\"contentUrl\":\"https:\/\/kominki-elektryczne.pl\/blog\/wp-content\/uploads\/2025\/04\/cropped-LogoAflamo.jpg\",\"width\":200,\"height\":58,\"caption\":\"Kominki-Elektryczne.pl\"},\"image\":{\"@id\":\"https:\/\/kominki-elektryczne.pl\/blog\/#\/schema\/logo\/image\/\"},\"sameAs\":[\"https:\/\/www.facebook.com\/elektrycznekominki\"]},{\"@type\":\"Person\",\"@id\":\"https:\/\/kominki-elektryczne.pl\/blog\/#\/schema\/person\/045e7544e3e90364f5f82cc509123089\",\"name\":\"Kominkowy\",\"image\":{\"@type\":\"ImageObject\",\"inLanguage\":\"pl-PL\",\"@id\":\"https:\/\/kominki-elektryczne.pl\/blog\/#\/schema\/person\/image\/\",\"url\":\"https:\/\/secure.gravatar.com\/avatar\/8c15720599195e8ba4119df2db28ce7e?s=96&d=mm&r=g\",\"contentUrl\":\"https:\/\/secure.gravatar.com\/avatar\/8c15720599195e8ba4119df2db28ce7e?s=96&d=mm&r=g\",\"caption\":\"Kominkowy\"},\"sameAs\":[\"http:\/\/www.kominki-elektryczne.pl\"],\"url\":\"https:\/\/kominki-elektryczne.pl\/blog\/author\/led-handel\/\"}]}<\/script>\n<!-- \/ Yoast SEO plugin. -->","yoast_head_json":{"title":"Kominek elektryczny LED Vigo bia\u0142y + d\u0105b Aflamo - Kominki-Elektryczne.pl","robots":{"index":"index","follow":"follow","max-snippet":"max-snippet:-1","max-image-preview":"max-image-preview:large","max-video-preview":"max-video-preview:-1"},"canonical":"https:\/\/kominki-elektryczne.pl\/blog\/2023\/08\/23\/kominek-elektryczny-led-vigo-bialy-dab-aflamo\/","og_locale":"pl_PL","og_type":"article","og_title":"Kominek elektryczny LED Vigo bia\u0142y + d\u0105b Aflamo - Kominki-Elektryczne.pl","og_description":"Dzie\u0144 dobry, mamy super promocje na kominek elektryczny VIGO bia\u0142y z akcentem w kolorze d\u0105b sonoma. Jako jedyni posiadamy trzy ostatnie sztuki tego modelu kominka, kt\u00f3rego ju\u017c raczej nie b\u0119dzie. Kominek Vigo posiada wymiary 90x90x30 cm idealnie pasuje do ka\u017cdego wn\u0119trza ze wzgl\u0119dy w\u0142a\u015bnie na &hellip;","og_url":"https:\/\/kominki-elektryczne.pl\/blog\/2023\/08\/23\/kominek-elektryczny-led-vigo-bialy-dab-aflamo\/","og_site_name":"Kominki-Elektryczne.pl","article_publisher":"https:\/\/www.facebook.com\/elektrycznekominki","article_published_time":"2023-08-23T10:43:37+00:00","article_modified_time":"2024-10-08T10:14:43+00:00","og_image":[{"width":800,"height":800,"url":"https:\/\/kominki-elektryczne.pl\/blog\/wp-content\/uploads\/2023\/08\/kominek-elektryczny-led-vigo-3d-bialy-dab-aflamo.png","type":"image\/png"}],"author":"Kominkowy","twitter_card":"summary_large_image","twitter_misc":{"Napisane przez":"Kominkowy","Szacowany czas czytania":"1 minuta"},"schema":{"@context":"https:\/\/schema.org","@graph":[{"@type":"Article","@id":"https:\/\/kominki-elektryczne.pl\/blog\/2023\/08\/23\/kominek-elektryczny-led-vigo-bialy-dab-aflamo\/#article","isPartOf":{"@id":"https:\/\/kominki-elektryczne.pl\/blog\/2023\/08\/23\/kominek-elektryczny-led-vigo-bialy-dab-aflamo\/"},"author":{"name":"Kominkowy","@id":"https:\/\/kominki-elektryczne.pl\/blog\/#\/schema\/person\/045e7544e3e90364f5f82cc509123089"},"headline":"Kominek elektryczny LED Vigo bia\u0142y + d\u0105b Aflamo","datePublished":"2023-08-23T10:43:37+00:00","dateModified":"2024-10-08T10:14:43+00:00","mainEntityOfPage":{"@id":"https:\/\/kominki-elektryczne.pl\/blog\/2023\/08\/23\/kominek-elektryczny-led-vigo-bialy-dab-aflamo\/"},"wordCount":118,"publisher":{"@id":"https:\/\/kominki-elektryczne.pl\/blog\/#organization"},"image":{"@id":"https:\/\/kominki-elektryczne.pl\/blog\/2023\/08\/23\/kominek-elektryczny-led-vigo-bialy-dab-aflamo\/#primaryimage"},"thumbnailUrl":"https:\/\/kominki-elektryczne.pl\/blog\/wp-content\/uploads\/2023\/08\/kominek-elektryczny-led-vigo-3d-bialy-dab-aflamo.png","keywords":["kominek","kominek elektryczny","kominek led"],"inLanguage":"pl-PL"},{"@type":"WebPage","@id":"https:\/\/kominki-elektryczne.pl\/blog\/2023\/08\/23\/kominek-elektryczny-led-vigo-bialy-dab-aflamo\/","url":"https:\/\/kominki-elektryczne.pl\/blog\/2023\/08\/23\/kominek-elektryczny-led-vigo-bialy-dab-aflamo\/","name":"Kominek elektryczny LED Vigo bia\u0142y + d\u0105b Aflamo - Kominki-Elektryczne.pl","isPartOf":{"@id":"https:\/\/kominki-elektryczne.pl\/blog\/#website"},"primaryImageOfPage":{"@id":"https:\/\/kominki-elektryczne.pl\/blog\/2023\/08\/23\/kominek-elektryczny-led-vigo-bialy-dab-aflamo\/#primaryimage"},"image":{"@id":"https:\/\/kominki-elektryczne.pl\/blog\/2023\/08\/23\/kominek-elektryczny-led-vigo-bialy-dab-aflamo\/#primaryimage"},"thumbnailUrl":"https:\/\/kominki-elektryczne.pl\/blog\/wp-content\/uploads\/2023\/08\/kominek-elektryczny-led-vigo-3d-bialy-dab-aflamo.png","datePublished":"2023-08-23T10:43:37+00:00","dateModified":"2024-10-08T10:14:43+00:00","breadcrumb":{"@id":"https:\/\/kominki-elektryczne.pl\/blog\/2023\/08\/23\/kominek-elektryczny-led-vigo-bialy-dab-aflamo\/#breadcrumb"},"inLanguage":"pl-PL","potentialAction":[{"@type":"ReadAction","target":["https:\/\/kominki-elektryczne.pl\/blog\/2023\/08\/23\/kominek-elektryczny-led-vigo-bialy-dab-aflamo\/"]}]},{"@type":"ImageObject","inLanguage":"pl-PL","@id":"https:\/\/kominki-elektryczne.pl\/blog\/2023\/08\/23\/kominek-elektryczny-led-vigo-bialy-dab-aflamo\/#primaryimage","url":"https:\/\/kominki-elektryczne.pl\/blog\/wp-content\/uploads\/2023\/08\/kominek-elektryczny-led-vigo-3d-bialy-dab-aflamo.png","contentUrl":"https:\/\/kominki-elektryczne.pl\/blog\/wp-content\/uploads\/2023\/08\/kominek-elektryczny-led-vigo-3d-bialy-dab-aflamo.png","width":800,"height":800},{"@type":"BreadcrumbList","@id":"https:\/\/kominki-elektryczne.pl\/blog\/2023\/08\/23\/kominek-elektryczny-led-vigo-bialy-dab-aflamo\/#breadcrumb","itemListElement":[{"@type":"ListItem","position":1,"name":"Strona g\u0142\u00f3wna","item":"https:\/\/kominki-elektryczne.pl\/blog\/"},{"@type":"ListItem","position":2,"name":"Kominek elektryczny LED Vigo bia\u0142y + d\u0105b Aflamo"}]},{"@type":"WebSite","@id":"https:\/\/kominki-elektryczne.pl\/blog\/#website","url":"https:\/\/kominki-elektryczne.pl\/blog\/","name":"Kominki-Elektryczne.pl","description":"Opisy - Porady - Recenzje","publisher":{"@id":"https:\/\/kominki-elektryczne.pl\/blog\/#organization"},"potentialAction":[{"@type":"SearchAction","target":{"@type":"EntryPoint","urlTemplate":"https:\/\/kominki-elektryczne.pl\/blog\/?s={search_term_string}"},"query-input":{"@type":"PropertyValueSpecification","valueRequired":true,"valueName":"search_term_string"}}],"inLanguage":"pl-PL"},{"@type":"Organization","@id":"https:\/\/kominki-elektryczne.pl\/blog\/#organization","name":"Kominki-Elektryczne.pl","url":"https:\/\/kominki-elektryczne.pl\/blog\/","logo":{"@type":"ImageObject","inLanguage":"pl-PL","@id":"https:\/\/kominki-elektryczne.pl\/blog\/#\/schema\/logo\/image\/","url":"https:\/\/kominki-elektryczne.pl\/blog\/wp-content\/uploads\/2025\/04\/cropped-LogoAflamo.jpg","contentUrl":"https:\/\/kominki-elektryczne.pl\/blog\/wp-content\/uploads\/2025\/04\/cropped-LogoAflamo.jpg","width":200,"height":58,"caption":"Kominki-Elektryczne.pl"},"image":{"@id":"https:\/\/kominki-elektryczne.pl\/blog\/#\/schema\/logo\/image\/"},"sameAs":["https:\/\/www.facebook.com\/elektrycznekominki"]},{"@type":"Person","@id":"https:\/\/kominki-elektryczne.pl\/blog\/#\/schema\/person\/045e7544e3e90364f5f82cc509123089","name":"Kominkowy","image":{"@type":"ImageObject","inLanguage":"pl-PL","@id":"https:\/\/kominki-elektryczne.pl\/blog\/#\/schema\/person\/image\/","url":"https:\/\/secure.gravatar.com\/avatar\/8c15720599195e8ba4119df2db28ce7e?s=96&d=mm&r=g","contentUrl":"https:\/\/secure.gravatar.com\/avatar\/8c15720599195e8ba4119df2db28ce7e?s=96&d=mm&r=g","caption":"Kominkowy"},"sameAs":["http:\/\/www.kominki-elektryczne.pl"],"url":"https:\/\/kominki-elektryczne.pl\/blog\/author\/led-handel\/"}]}},"_links":{"self":[{"href":"https:\/\/kominki-elektryczne.pl\/blog\/wp-json\/wp\/v2\/posts\/735","targetHints":{"allow":["GET"]}}],"collection":[{"href":"https:\/\/kominki-elektryczne.pl\/blog\/wp-json\/wp\/v2\/posts"}],"about":[{"href":"https:\/\/kominki-elektryczne.pl\/blog\/wp-json\/wp\/v2\/types\/post"}],"author":[{"embeddable":true,"href":"https:\/\/kominki-elektryczne.pl\/blog\/wp-json\/wp\/v2\/users\/1"}],"replies":[{"embeddable":true,"href":"https:\/\/kominki-elektryczne.pl\/blog\/wp-json\/wp\/v2\/comments?post=735"}],"version-history":[{"count":1,"href":"https:\/\/kominki-elektryczne.pl\/blog\/wp-json\/wp\/v2\/posts\/735\/revisions"}],"predecessor-version":[{"id":737,"href":"https:\/\/kominki-elektryczne.pl\/blog\/wp-json\/wp\/v2\/posts\/735\/revisions\/737"}],"wp:attachment":[{"href":"https:\/\/kominki-elektryczne.pl\/blog\/wp-json\/wp\/v2\/media?parent=735"}],"wp:term":[{"taxonomy":"category","embeddable":true,"href":"https:\/\/kominki-elektryczne.pl\/blog\/wp-json\/wp\/v2\/categories?post=735"},{"taxonomy":"post_tag","embeddable":true,"href":"https:\/\/kominki-elektryczne.pl\/blog\/wp-json\/wp\/v2\/tags?post=735"}],"curies":[{"name":"wp","href":"https:\/\/api.w.org\/{rel}","templated":true}]}}