{"id":760,"date":"2023-12-06T10:19:38","date_gmt":"2023-12-06T09:19:38","guid":{"rendered":"https:\/\/kominki-elektryczne.pl\/blog\/?p=760"},"modified":"2024-10-08T12:14:43","modified_gmt":"2024-10-08T10:14:43","slug":"termin-dostaw-kominkow-elektrycznych-w-okresie-swiatecznym","status":"publish","type":"post","link":"https:\/\/kominki-elektryczne.pl\/blog\/2023\/12\/06\/termin-dostaw-kominkow-elektrycznych-w-okresie-swiatecznym\/","title":{"rendered":"Termin dostaw komink\u00f3w elektrycznych w okresie \u015bwi\u0105tecznym"},"content":{"rendered":"\n<p>Dzie\u0144 dobry,<\/p>\n\n\n\n<p>dzisiaj chcieliby\u015bmy poinformowa\u0107, \u017ce czas dostaw w okresie przed \u015bwi\u0105tecznym troszk\u0119 si\u0119 wyd\u0142u\u017ca. <br>Mamy bardzo du\u017c\u0105 ilo\u015b\u0107 wysy\u0142ek i termin oczekiwania na dor\u0119czenie wyd\u0142u\u017ca si\u0119 na chwil\u0119 obecn\u0105 do 3 dni.<\/p>\n\n\n\n<p>Bardzo prosimy o wyrozumia\u0142o\u015b\u0107 w tym okresie \ud83d\ude42<\/p>\n\n\n\n<p>Je\u017celi chcesz dokona\u0107 zakupu kominka elektrycznego Aflamo to zr\u00f3b to jak najszybciej aby dotar\u0142 on do Ciebie przed \u015bwi\u0119tami!<\/p>\n\n\n\n<p>Zapraszamy <a href=\"http:\/\/www.kominki-elektryczne.pl\" target=\"_blank\" rel=\"noreferrer noopener\">www.kominki-elektryczne.pl<\/a><\/p>\n","protected":false},"excerpt":{"rendered":"<p>Dzie\u0144 dobry, dzisiaj chcieliby\u015bmy poinformowa\u0107, \u017ce czas dostaw w okresie przed \u015bwi\u0105tecznym troszk\u0119 si\u0119 wyd\u0142u\u017ca. Mamy bardzo du\u017c\u0105 ilo\u015b\u0107 wysy\u0142ek i termin oczekiwania na dor\u0119czenie wyd\u0142u\u017ca si\u0119 na chwil\u0119 obecn\u0105 do 3 dni. Bardzo prosimy o wyrozumia\u0142o\u015b\u0107 w tym okresie \ud83d\ude42 Je\u017celi chcesz dokona\u0107 zakupu &hellip; <\/p>\n","protected":false},"author":1,"featured_media":0,"comment_status":"closed","ping_status":"closed","sticky":false,"template":"","format":"standard","meta":{"footnotes":""},"categories":[1],"tags":[97,63,81,90,461,459,464,450,448,455,453],"class_list":["post-760","post","type-post","status-publish","format-standard","hentry","category-bez-kategorii","tag-aflamo","tag-kominek-elektryczny","tag-kominki-elektryczne","tag-kominki-led","tag-kominki-pod-zabudowe","tag-kominki-scienne","tag-kominki-stojace","tag-okres-swiateczny","tag-swieta","tag-termin-dostawy-kominka","tag-wysylka-kominka"],"yoast_head":"<!-- This site is optimized with the Yoast SEO plugin v25.7 - https:\/\/yoast.com\/wordpress\/plugins\/seo\/ -->\n<title>Termin dostaw komink\u00f3w elektrycznych w okresie \u015bwi\u0105tecznym - Kominki-Elektryczne.pl<\/title>\n<meta name=\"robots\" content=\"index, follow, max-snippet:-1, max-image-preview:large, max-video-preview:-1\" \/>\n<link rel=\"canonical\" href=\"https:\/\/kominki-elektryczne.pl\/blog\/2023\/12\/06\/termin-dostaw-kominkow-elektrycznych-w-okresie-swiatecznym\/\" \/>\n<meta property=\"og:locale\" content=\"pl_PL\" \/>\n<meta property=\"og:type\" content=\"article\" \/>\n<meta property=\"og:title\" content=\"Termin dostaw komink\u00f3w elektrycznych w okresie \u015bwi\u0105tecznym - Kominki-Elektryczne.pl\" \/>\n<meta property=\"og:description\" content=\"Dzie\u0144 dobry, dzisiaj chcieliby\u015bmy poinformowa\u0107, \u017ce czas dostaw w okresie przed \u015bwi\u0105tecznym troszk\u0119 si\u0119 wyd\u0142u\u017ca. Mamy bardzo du\u017c\u0105 ilo\u015b\u0107 wysy\u0142ek i termin oczekiwania na dor\u0119czenie wyd\u0142u\u017ca si\u0119 na chwil\u0119 obecn\u0105 do 3 dni. Bardzo prosimy o wyrozumia\u0142o\u015b\u0107 w tym okresie \ud83d\ude42 Je\u017celi chcesz dokona\u0107 zakupu &hellip;\" \/>\n<meta property=\"og:url\" content=\"https:\/\/kominki-elektryczne.pl\/blog\/2023\/12\/06\/termin-dostaw-kominkow-elektrycznych-w-okresie-swiatecznym\/\" \/>\n<meta property=\"og:site_name\" content=\"Kominki-Elektryczne.pl\" \/>\n<meta property=\"article:publisher\" content=\"https:\/\/www.facebook.com\/elektrycznekominki\" \/>\n<meta property=\"article:published_time\" content=\"2023-12-06T09:19:38+00:00\" \/>\n<meta property=\"article:modified_time\" content=\"2024-10-08T10:14:43+00:00\" \/>\n<meta name=\"author\" content=\"Kominkowy\" \/>\n<meta name=\"twitter:card\" content=\"summary_large_image\" \/>\n<meta name=\"twitter:label1\" content=\"Napisane przez\" \/>\n\t<meta name=\"twitter:data1\" content=\"Kominkowy\" \/>\n<script type=\"application\/ld+json\" class=\"yoast-schema-graph\">{\"@context\":\"https:\/\/schema.org\",\"@graph\":[{\"@type\":\"Article\",\"@id\":\"https:\/\/kominki-elektryczne.pl\/blog\/2023\/12\/06\/termin-dostaw-kominkow-elektrycznych-w-okresie-swiatecznym\/#article\",\"isPartOf\":{\"@id\":\"https:\/\/kominki-elektryczne.pl\/blog\/2023\/12\/06\/termin-dostaw-kominkow-elektrycznych-w-okresie-swiatecznym\/\"},\"author\":{\"name\":\"Kominkowy\",\"@id\":\"https:\/\/kominki-elektryczne.pl\/blog\/#\/schema\/person\/045e7544e3e90364f5f82cc509123089\"},\"headline\":\"Termin dostaw komink\u00f3w elektrycznych w okresie \u015bwi\u0105tecznym\",\"datePublished\":\"2023-12-06T09:19:38+00:00\",\"dateModified\":\"2024-10-08T10:14:43+00:00\",\"mainEntityOfPage\":{\"@id\":\"https:\/\/kominki-elektryczne.pl\/blog\/2023\/12\/06\/termin-dostaw-kominkow-elektrycznych-w-okresie-swiatecznym\/\"},\"wordCount\":83,\"publisher\":{\"@id\":\"https:\/\/kominki-elektryczne.pl\/blog\/#organization\"},\"keywords\":[\"aflamo\",\"kominek elektryczny\",\"kominki elektryczne\",\"kominki led\",\"kominki pod zabudow\u0119\",\"kominki \u015bcienne\",\"kominki stoj\u0105ce\",\"okres \u015bwi\u0105teczny\",\"\u015bwi\u0119ta\",\"termin dostawy kominka\",\"wysy\u0142ka kominka\"],\"inLanguage\":\"pl-PL\"},{\"@type\":\"WebPage\",\"@id\":\"https:\/\/kominki-elektryczne.pl\/blog\/2023\/12\/06\/termin-dostaw-kominkow-elektrycznych-w-okresie-swiatecznym\/\",\"url\":\"https:\/\/kominki-elektryczne.pl\/blog\/2023\/12\/06\/termin-dostaw-kominkow-elektrycznych-w-okresie-swiatecznym\/\",\"name\":\"Termin dostaw komink\u00f3w elektrycznych w okresie \u015bwi\u0105tecznym - Kominki-Elektryczne.pl\",\"isPartOf\":{\"@id\":\"https:\/\/kominki-elektryczne.pl\/blog\/#website\"},\"datePublished\":\"2023-12-06T09:19:38+00:00\",\"dateModified\":\"2024-10-08T10:14:43+00:00\",\"breadcrumb\":{\"@id\":\"https:\/\/kominki-elektryczne.pl\/blog\/2023\/12\/06\/termin-dostaw-kominkow-elektrycznych-w-okresie-swiatecznym\/#breadcrumb\"},\"inLanguage\":\"pl-PL\",\"potentialAction\":[{\"@type\":\"ReadAction\",\"target\":[\"https:\/\/kominki-elektryczne.pl\/blog\/2023\/12\/06\/termin-dostaw-kominkow-elektrycznych-w-okresie-swiatecznym\/\"]}]},{\"@type\":\"BreadcrumbList\",\"@id\":\"https:\/\/kominki-elektryczne.pl\/blog\/2023\/12\/06\/termin-dostaw-kominkow-elektrycznych-w-okresie-swiatecznym\/#breadcrumb\",\"itemListElement\":[{\"@type\":\"ListItem\",\"position\":1,\"name\":\"Strona g\u0142\u00f3wna\",\"item\":\"https:\/\/kominki-elektryczne.pl\/blog\/\"},{\"@type\":\"ListItem\",\"position\":2,\"name\":\"Termin dostaw komink\u00f3w elektrycznych w okresie \u015bwi\u0105tecznym\"}]},{\"@type\":\"WebSite\",\"@id\":\"https:\/\/kominki-elektryczne.pl\/blog\/#website\",\"url\":\"https:\/\/kominki-elektryczne.pl\/blog\/\",\"name\":\"Kominki-Elektryczne.pl\",\"description\":\"Opisy - Porady - Recenzje\",\"publisher\":{\"@id\":\"https:\/\/kominki-elektryczne.pl\/blog\/#organization\"},\"potentialAction\":[{\"@type\":\"SearchAction\",\"target\":{\"@type\":\"EntryPoint\",\"urlTemplate\":\"https:\/\/kominki-elektryczne.pl\/blog\/?s={search_term_string}\"},\"query-input\":{\"@type\":\"PropertyValueSpecification\",\"valueRequired\":true,\"valueName\":\"search_term_string\"}}],\"inLanguage\":\"pl-PL\"},{\"@type\":\"Organization\",\"@id\":\"https:\/\/kominki-elektryczne.pl\/blog\/#organization\",\"name\":\"Kominki-Elektryczne.pl\",\"url\":\"https:\/\/kominki-elektryczne.pl\/blog\/\",\"logo\":{\"@type\":\"ImageObject\",\"inLanguage\":\"pl-PL\",\"@id\":\"https:\/\/kominki-elektryczne.pl\/blog\/#\/schema\/logo\/image\/\",\"url\":\"https:\/\/kominki-elektryczne.pl\/blog\/wp-content\/uploads\/2025\/04\/cropped-LogoAflamo.jpg\",\"contentUrl\":\"https:\/\/kominki-elektryczne.pl\/blog\/wp-content\/uploads\/2025\/04\/cropped-LogoAflamo.jpg\",\"width\":200,\"height\":58,\"caption\":\"Kominki-Elektryczne.pl\"},\"image\":{\"@id\":\"https:\/\/kominki-elektryczne.pl\/blog\/#\/schema\/logo\/image\/\"},\"sameAs\":[\"https:\/\/www.facebook.com\/elektrycznekominki\"]},{\"@type\":\"Person\",\"@id\":\"https:\/\/kominki-elektryczne.pl\/blog\/#\/schema\/person\/045e7544e3e90364f5f82cc509123089\",\"name\":\"Kominkowy\",\"image\":{\"@type\":\"ImageObject\",\"inLanguage\":\"pl-PL\",\"@id\":\"https:\/\/kominki-elektryczne.pl\/blog\/#\/schema\/person\/image\/\",\"url\":\"https:\/\/secure.gravatar.com\/avatar\/8c15720599195e8ba4119df2db28ce7e?s=96&d=mm&r=g\",\"contentUrl\":\"https:\/\/secure.gravatar.com\/avatar\/8c15720599195e8ba4119df2db28ce7e?s=96&d=mm&r=g\",\"caption\":\"Kominkowy\"},\"sameAs\":[\"http:\/\/www.kominki-elektryczne.pl\"],\"url\":\"https:\/\/kominki-elektryczne.pl\/blog\/author\/led-handel\/\"}]}<\/script>\n<!-- \/ Yoast SEO plugin. -->","yoast_head_json":{"title":"Termin dostaw komink\u00f3w elektrycznych w okresie \u015bwi\u0105tecznym - Kominki-Elektryczne.pl","robots":{"index":"index","follow":"follow","max-snippet":"max-snippet:-1","max-image-preview":"max-image-preview:large","max-video-preview":"max-video-preview:-1"},"canonical":"https:\/\/kominki-elektryczne.pl\/blog\/2023\/12\/06\/termin-dostaw-kominkow-elektrycznych-w-okresie-swiatecznym\/","og_locale":"pl_PL","og_type":"article","og_title":"Termin dostaw komink\u00f3w elektrycznych w okresie \u015bwi\u0105tecznym - Kominki-Elektryczne.pl","og_description":"Dzie\u0144 dobry, dzisiaj chcieliby\u015bmy poinformowa\u0107, \u017ce czas dostaw w okresie przed \u015bwi\u0105tecznym troszk\u0119 si\u0119 wyd\u0142u\u017ca. Mamy bardzo du\u017c\u0105 ilo\u015b\u0107 wysy\u0142ek i termin oczekiwania na dor\u0119czenie wyd\u0142u\u017ca si\u0119 na chwil\u0119 obecn\u0105 do 3 dni. Bardzo prosimy o wyrozumia\u0142o\u015b\u0107 w tym okresie \ud83d\ude42 Je\u017celi chcesz dokona\u0107 zakupu &hellip;","og_url":"https:\/\/kominki-elektryczne.pl\/blog\/2023\/12\/06\/termin-dostaw-kominkow-elektrycznych-w-okresie-swiatecznym\/","og_site_name":"Kominki-Elektryczne.pl","article_publisher":"https:\/\/www.facebook.com\/elektrycznekominki","article_published_time":"2023-12-06T09:19:38+00:00","article_modified_time":"2024-10-08T10:14:43+00:00","author":"Kominkowy","twitter_card":"summary_large_image","twitter_misc":{"Napisane przez":"Kominkowy"},"schema":{"@context":"https:\/\/schema.org","@graph":[{"@type":"Article","@id":"https:\/\/kominki-elektryczne.pl\/blog\/2023\/12\/06\/termin-dostaw-kominkow-elektrycznych-w-okresie-swiatecznym\/#article","isPartOf":{"@id":"https:\/\/kominki-elektryczne.pl\/blog\/2023\/12\/06\/termin-dostaw-kominkow-elektrycznych-w-okresie-swiatecznym\/"},"author":{"name":"Kominkowy","@id":"https:\/\/kominki-elektryczne.pl\/blog\/#\/schema\/person\/045e7544e3e90364f5f82cc509123089"},"headline":"Termin dostaw komink\u00f3w elektrycznych w okresie \u015bwi\u0105tecznym","datePublished":"2023-12-06T09:19:38+00:00","dateModified":"2024-10-08T10:14:43+00:00","mainEntityOfPage":{"@id":"https:\/\/kominki-elektryczne.pl\/blog\/2023\/12\/06\/termin-dostaw-kominkow-elektrycznych-w-okresie-swiatecznym\/"},"wordCount":83,"publisher":{"@id":"https:\/\/kominki-elektryczne.pl\/blog\/#organization"},"keywords":["aflamo","kominek elektryczny","kominki elektryczne","kominki led","kominki pod zabudow\u0119","kominki \u015bcienne","kominki stoj\u0105ce","okres \u015bwi\u0105teczny","\u015bwi\u0119ta","termin dostawy kominka","wysy\u0142ka kominka"],"inLanguage":"pl-PL"},{"@type":"WebPage","@id":"https:\/\/kominki-elektryczne.pl\/blog\/2023\/12\/06\/termin-dostaw-kominkow-elektrycznych-w-okresie-swiatecznym\/","url":"https:\/\/kominki-elektryczne.pl\/blog\/2023\/12\/06\/termin-dostaw-kominkow-elektrycznych-w-okresie-swiatecznym\/","name":"Termin dostaw komink\u00f3w elektrycznych w okresie \u015bwi\u0105tecznym - Kominki-Elektryczne.pl","isPartOf":{"@id":"https:\/\/kominki-elektryczne.pl\/blog\/#website"},"datePublished":"2023-12-06T09:19:38+00:00","dateModified":"2024-10-08T10:14:43+00:00","breadcrumb":{"@id":"https:\/\/kominki-elektryczne.pl\/blog\/2023\/12\/06\/termin-dostaw-kominkow-elektrycznych-w-okresie-swiatecznym\/#breadcrumb"},"inLanguage":"pl-PL","potentialAction":[{"@type":"ReadAction","target":["https:\/\/kominki-elektryczne.pl\/blog\/2023\/12\/06\/termin-dostaw-kominkow-elektrycznych-w-okresie-swiatecznym\/"]}]},{"@type":"BreadcrumbList","@id":"https:\/\/kominki-elektryczne.pl\/blog\/2023\/12\/06\/termin-dostaw-kominkow-elektrycznych-w-okresie-swiatecznym\/#breadcrumb","itemListElement":[{"@type":"ListItem","position":1,"name":"Strona g\u0142\u00f3wna","item":"https:\/\/kominki-elektryczne.pl\/blog\/"},{"@type":"ListItem","position":2,"name":"Termin dostaw komink\u00f3w elektrycznych w okresie \u015bwi\u0105tecznym"}]},{"@type":"WebSite","@id":"https:\/\/kominki-elektryczne.pl\/blog\/#website","url":"https:\/\/kominki-elektryczne.pl\/blog\/","name":"Kominki-Elektryczne.pl","description":"Opisy - Porady - Recenzje","publisher":{"@id":"https:\/\/kominki-elektryczne.pl\/blog\/#organization"},"potentialAction":[{"@type":"SearchAction","target":{"@type":"EntryPoint","urlTemplate":"https:\/\/kominki-elektryczne.pl\/blog\/?s={search_term_string}"},"query-input":{"@type":"PropertyValueSpecification","valueRequired":true,"valueName":"search_term_string"}}],"inLanguage":"pl-PL"},{"@type":"Organization","@id":"https:\/\/kominki-elektryczne.pl\/blog\/#organization","name":"Kominki-Elektryczne.pl","url":"https:\/\/kominki-elektryczne.pl\/blog\/","logo":{"@type":"ImageObject","inLanguage":"pl-PL","@id":"https:\/\/kominki-elektryczne.pl\/blog\/#\/schema\/logo\/image\/","url":"https:\/\/kominki-elektryczne.pl\/blog\/wp-content\/uploads\/2025\/04\/cropped-LogoAflamo.jpg","contentUrl":"https:\/\/kominki-elektryczne.pl\/blog\/wp-content\/uploads\/2025\/04\/cropped-LogoAflamo.jpg","width":200,"height":58,"caption":"Kominki-Elektryczne.pl"},"image":{"@id":"https:\/\/kominki-elektryczne.pl\/blog\/#\/schema\/logo\/image\/"},"sameAs":["https:\/\/www.facebook.com\/elektrycznekominki"]},{"@type":"Person","@id":"https:\/\/kominki-elektryczne.pl\/blog\/#\/schema\/person\/045e7544e3e90364f5f82cc509123089","name":"Kominkowy","image":{"@type":"ImageObject","inLanguage":"pl-PL","@id":"https:\/\/kominki-elektryczne.pl\/blog\/#\/schema\/person\/image\/","url":"https:\/\/secure.gravatar.com\/avatar\/8c15720599195e8ba4119df2db28ce7e?s=96&d=mm&r=g","contentUrl":"https:\/\/secure.gravatar.com\/avatar\/8c15720599195e8ba4119df2db28ce7e?s=96&d=mm&r=g","caption":"Kominkowy"},"sameAs":["http:\/\/www.kominki-elektryczne.pl"],"url":"https:\/\/kominki-elektryczne.pl\/blog\/author\/led-handel\/"}]}},"_links":{"self":[{"href":"https:\/\/kominki-elektryczne.pl\/blog\/wp-json\/wp\/v2\/posts\/760","targetHints":{"allow":["GET"]}}],"collection":[{"href":"https:\/\/kominki-elektryczne.pl\/blog\/wp-json\/wp\/v2\/posts"}],"about":[{"href":"https:\/\/kominki-elektryczne.pl\/blog\/wp-json\/wp\/v2\/types\/post"}],"author":[{"embeddable":true,"href":"https:\/\/kominki-elektryczne.pl\/blog\/wp-json\/wp\/v2\/users\/1"}],"replies":[{"embeddable":true,"href":"https:\/\/kominki-elektryczne.pl\/blog\/wp-json\/wp\/v2\/comments?post=760"}],"version-history":[{"count":1,"href":"https:\/\/kominki-elektryczne.pl\/blog\/wp-json\/wp\/v2\/posts\/760\/revisions"}],"predecessor-version":[{"id":761,"href":"https:\/\/kominki-elektryczne.pl\/blog\/wp-json\/wp\/v2\/posts\/760\/revisions\/761"}],"wp:attachment":[{"href":"https:\/\/kominki-elektryczne.pl\/blog\/wp-json\/wp\/v2\/media?parent=760"}],"wp:term":[{"taxonomy":"category","embeddable":true,"href":"https:\/\/kominki-elektryczne.pl\/blog\/wp-json\/wp\/v2\/categories?post=760"},{"taxonomy":"post_tag","embeddable":true,"href":"https:\/\/kominki-elektryczne.pl\/blog\/wp-json\/wp\/v2\/tags?post=760"}],"curies":[{"name":"wp","href":"https:\/\/api.w.org\/{rel}","templated":true}]}}