{"id":763,"date":"2024-03-06T11:46:32","date_gmt":"2024-03-06T10:46:32","guid":{"rendered":"https:\/\/kominki-elektryczne.pl\/blog\/?p=763"},"modified":"2024-10-08T12:14:43","modified_gmt":"2024-10-08T10:14:43","slug":"kominek-elektryczny-led-superb-nowa-odslona-kominka","status":"publish","type":"post","link":"https:\/\/kominki-elektryczne.pl\/blog\/2024\/03\/06\/kominek-elektryczny-led-superb-nowa-odslona-kominka\/","title":{"rendered":"Kominek elektryczny LED SuperB &#8211; nowa ods\u0142ona kominka"},"content":{"rendered":"\n<p>Dzie\u0144 dobry,<\/p>\n\n\n\n<p>chcieliby\u015bmy poinformowa\u0107 o nowej ods\u0142onie kominka SuperB, kt\u00f3r\u0105 przedstawiaj\u0105 nowe zdj\u0119cia!<\/p>\n\n\n\n<p>Kominek posiada tr\u00f3jstronne palenisko dzi\u0119ki kt\u00f3remu p\u0142omie\u0144 wygl\u0105da jak \u017cywy ogie\u0144. Dodatkowy atutem kominka SuperB jest to, \u017ce w tej wersji posiada on ulepszone palenisko ceramiczne, kt\u00f3re wygl\u0105da jak prawdziwe kawa\u0142ki drewna. <\/p>\n\n\n\n<p>Kominek wyst\u0119puje w czterech rozmiarach:<\/p>\n\n\n\n<ul class=\"wp-block-list\"><li>84 cm<\/li><li>104 cm<\/li><li>127 cm<\/li><li>153 cm<\/li><\/ul>\n\n\n\n<p>Zach\u0119camy do zapoznania si\u0119 z tym modelem <a rel=\"noreferrer noopener\" href=\"https:\/\/www.kominki-elektryczne.pl\/pl\/szukaj?controller=search&amp;s=superb\" target=\"_blank\">kominka elektrycznego SuperB <\/a>na naszej stronie.<\/p>\n\n\n\n<p>Zapraszamy!<\/p>\n\n\n\n<figure class=\"wp-block-image size-full\"><img loading=\"lazy\" decoding=\"async\" width=\"900\" height=\"900\" src=\"https:\/\/kominki-elektryczne.pl\/blog\/wp-content\/uploads\/2024\/03\/Superb_50-65_left_1.jpg\" alt=\"\" class=\"wp-image-765\" srcset=\"https:\/\/kominki-elektryczne.pl\/blog\/wp-content\/uploads\/2024\/03\/Superb_50-65_left_1.jpg 900w, https:\/\/kominki-elektryczne.pl\/blog\/wp-content\/uploads\/2024\/03\/Superb_50-65_left_1-300x300.jpg 300w, https:\/\/kominki-elektryczne.pl\/blog\/wp-content\/uploads\/2024\/03\/Superb_50-65_left_1-150x150.jpg 150w, https:\/\/kominki-elektryczne.pl\/blog\/wp-content\/uploads\/2024\/03\/Superb_50-65_left_1-768x768.jpg 768w, https:\/\/kominki-elektryczne.pl\/blog\/wp-content\/uploads\/2024\/03\/Superb_50-65_left_1-100x100.jpg 100w\" sizes=\"auto, (max-width: 900px) 100vw, 900px\" \/><figcaption>Kominek elektryczny LED SuperB Aflamo<\/figcaption><\/figure>\n\n\n\n<p><\/p>\n","protected":false},"excerpt":{"rendered":"<p>Dzie\u0144 dobry, chcieliby\u015bmy poinformowa\u0107 o nowej ods\u0142onie kominka SuperB, kt\u00f3r\u0105 przedstawiaj\u0105 nowe zdj\u0119cia! Kominek posiada tr\u00f3jstronne palenisko dzi\u0119ki kt\u00f3remu p\u0142omie\u0144 wygl\u0105da jak \u017cywy ogie\u0144. Dodatkowy atutem kominka SuperB jest to, \u017ce w tej wersji posiada on ulepszone palenisko ceramiczne, kt\u00f3re wygl\u0105da jak prawdziwe kawa\u0142ki drewna. &hellip; <\/p>\n","protected":false},"author":1,"featured_media":764,"comment_status":"closed","ping_status":"closed","sticky":false,"template":"","format":"standard","meta":{"footnotes":""},"categories":[1],"tags":[97,435,344,18,379,471,241,289],"class_list":["post-763","post","type-post","status-publish","format-standard","has-post-thumbnail","hentry","category-bez-kategorii","tag-aflamo","tag-kominek-3d","tag-kominek-aflamo","tag-kominek-do-zabudowy","tag-kominek-pod-zabudowe","tag-kominek-realistyczny","tag-kominek-trojstronny","tag-superb"],"yoast_head":"<!-- This site is optimized with the Yoast SEO plugin v25.7 - https:\/\/yoast.com\/wordpress\/plugins\/seo\/ -->\n<title>Kominek elektryczny LED SuperB - nowa ods\u0142ona kominka - Kominki-Elektryczne.pl<\/title>\n<meta name=\"robots\" content=\"index, follow, max-snippet:-1, max-image-preview:large, max-video-preview:-1\" \/>\n<link rel=\"canonical\" href=\"https:\/\/kominki-elektryczne.pl\/blog\/2024\/03\/06\/kominek-elektryczny-led-superb-nowa-odslona-kominka\/\" \/>\n<meta property=\"og:locale\" content=\"pl_PL\" \/>\n<meta property=\"og:type\" content=\"article\" \/>\n<meta property=\"og:title\" content=\"Kominek elektryczny LED SuperB - nowa ods\u0142ona kominka - Kominki-Elektryczne.pl\" \/>\n<meta property=\"og:description\" content=\"Dzie\u0144 dobry, chcieliby\u015bmy poinformowa\u0107 o nowej ods\u0142onie kominka SuperB, kt\u00f3r\u0105 przedstawiaj\u0105 nowe zdj\u0119cia! Kominek posiada tr\u00f3jstronne palenisko dzi\u0119ki kt\u00f3remu p\u0142omie\u0144 wygl\u0105da jak \u017cywy ogie\u0144. Dodatkowy atutem kominka SuperB jest to, \u017ce w tej wersji posiada on ulepszone palenisko ceramiczne, kt\u00f3re wygl\u0105da jak prawdziwe kawa\u0142ki drewna. &hellip;\" \/>\n<meta property=\"og:url\" content=\"https:\/\/kominki-elektryczne.pl\/blog\/2024\/03\/06\/kominek-elektryczny-led-superb-nowa-odslona-kominka\/\" \/>\n<meta property=\"og:site_name\" content=\"Kominki-Elektryczne.pl\" \/>\n<meta property=\"article:publisher\" content=\"https:\/\/www.facebook.com\/elektrycznekominki\" \/>\n<meta property=\"article:published_time\" content=\"2024-03-06T10:46:32+00:00\" \/>\n<meta property=\"article:modified_time\" content=\"2024-10-08T10:14:43+00:00\" \/>\n<meta property=\"og:image\" content=\"https:\/\/kominki-elektryczne.pl\/blog\/wp-content\/uploads\/2024\/03\/Superb_50-65_front_5.jpg\" \/>\n\t<meta property=\"og:image:width\" content=\"900\" \/>\n\t<meta property=\"og:image:height\" content=\"309\" \/>\n\t<meta property=\"og:image:type\" content=\"image\/jpeg\" \/>\n<meta name=\"author\" content=\"Kominkowy\" \/>\n<meta name=\"twitter:card\" content=\"summary_large_image\" \/>\n<meta name=\"twitter:label1\" content=\"Napisane przez\" \/>\n\t<meta name=\"twitter:data1\" content=\"Kominkowy\" \/>\n<script type=\"application\/ld+json\" class=\"yoast-schema-graph\">{\"@context\":\"https:\/\/schema.org\",\"@graph\":[{\"@type\":\"Article\",\"@id\":\"https:\/\/kominki-elektryczne.pl\/blog\/2024\/03\/06\/kominek-elektryczny-led-superb-nowa-odslona-kominka\/#article\",\"isPartOf\":{\"@id\":\"https:\/\/kominki-elektryczne.pl\/blog\/2024\/03\/06\/kominek-elektryczny-led-superb-nowa-odslona-kominka\/\"},\"author\":{\"name\":\"Kominkowy\",\"@id\":\"https:\/\/kominki-elektryczne.pl\/blog\/#\/schema\/person\/045e7544e3e90364f5f82cc509123089\"},\"headline\":\"Kominek elektryczny LED SuperB &#8211; nowa ods\u0142ona kominka\",\"datePublished\":\"2024-03-06T10:46:32+00:00\",\"dateModified\":\"2024-10-08T10:14:43+00:00\",\"mainEntityOfPage\":{\"@id\":\"https:\/\/kominki-elektryczne.pl\/blog\/2024\/03\/06\/kominek-elektryczny-led-superb-nowa-odslona-kominka\/\"},\"wordCount\":96,\"publisher\":{\"@id\":\"https:\/\/kominki-elektryczne.pl\/blog\/#organization\"},\"image\":{\"@id\":\"https:\/\/kominki-elektryczne.pl\/blog\/2024\/03\/06\/kominek-elektryczny-led-superb-nowa-odslona-kominka\/#primaryimage\"},\"thumbnailUrl\":\"https:\/\/kominki-elektryczne.pl\/blog\/wp-content\/uploads\/2024\/03\/Superb_50-65_front_5.jpg\",\"keywords\":[\"aflamo\",\"kominek 3d\",\"kominek aflamo\",\"kominek do zabudowy\",\"kominek pod zabudow\u0119\",\"kominek realistyczny\",\"Kominek tr\u00f3jstronny\",\"superb\"],\"inLanguage\":\"pl-PL\"},{\"@type\":\"WebPage\",\"@id\":\"https:\/\/kominki-elektryczne.pl\/blog\/2024\/03\/06\/kominek-elektryczny-led-superb-nowa-odslona-kominka\/\",\"url\":\"https:\/\/kominki-elektryczne.pl\/blog\/2024\/03\/06\/kominek-elektryczny-led-superb-nowa-odslona-kominka\/\",\"name\":\"Kominek elektryczny LED SuperB - nowa ods\u0142ona kominka - Kominki-Elektryczne.pl\",\"isPartOf\":{\"@id\":\"https:\/\/kominki-elektryczne.pl\/blog\/#website\"},\"primaryImageOfPage\":{\"@id\":\"https:\/\/kominki-elektryczne.pl\/blog\/2024\/03\/06\/kominek-elektryczny-led-superb-nowa-odslona-kominka\/#primaryimage\"},\"image\":{\"@id\":\"https:\/\/kominki-elektryczne.pl\/blog\/2024\/03\/06\/kominek-elektryczny-led-superb-nowa-odslona-kominka\/#primaryimage\"},\"thumbnailUrl\":\"https:\/\/kominki-elektryczne.pl\/blog\/wp-content\/uploads\/2024\/03\/Superb_50-65_front_5.jpg\",\"datePublished\":\"2024-03-06T10:46:32+00:00\",\"dateModified\":\"2024-10-08T10:14:43+00:00\",\"breadcrumb\":{\"@id\":\"https:\/\/kominki-elektryczne.pl\/blog\/2024\/03\/06\/kominek-elektryczny-led-superb-nowa-odslona-kominka\/#breadcrumb\"},\"inLanguage\":\"pl-PL\",\"potentialAction\":[{\"@type\":\"ReadAction\",\"target\":[\"https:\/\/kominki-elektryczne.pl\/blog\/2024\/03\/06\/kominek-elektryczny-led-superb-nowa-odslona-kominka\/\"]}]},{\"@type\":\"ImageObject\",\"inLanguage\":\"pl-PL\",\"@id\":\"https:\/\/kominki-elektryczne.pl\/blog\/2024\/03\/06\/kominek-elektryczny-led-superb-nowa-odslona-kominka\/#primaryimage\",\"url\":\"https:\/\/kominki-elektryczne.pl\/blog\/wp-content\/uploads\/2024\/03\/Superb_50-65_front_5.jpg\",\"contentUrl\":\"https:\/\/kominki-elektryczne.pl\/blog\/wp-content\/uploads\/2024\/03\/Superb_50-65_front_5.jpg\",\"width\":900,\"height\":309},{\"@type\":\"BreadcrumbList\",\"@id\":\"https:\/\/kominki-elektryczne.pl\/blog\/2024\/03\/06\/kominek-elektryczny-led-superb-nowa-odslona-kominka\/#breadcrumb\",\"itemListElement\":[{\"@type\":\"ListItem\",\"position\":1,\"name\":\"Strona g\u0142\u00f3wna\",\"item\":\"https:\/\/kominki-elektryczne.pl\/blog\/\"},{\"@type\":\"ListItem\",\"position\":2,\"name\":\"Kominek elektryczny LED SuperB &#8211; nowa ods\u0142ona kominka\"}]},{\"@type\":\"WebSite\",\"@id\":\"https:\/\/kominki-elektryczne.pl\/blog\/#website\",\"url\":\"https:\/\/kominki-elektryczne.pl\/blog\/\",\"name\":\"Kominki-Elektryczne.pl\",\"description\":\"Opisy - Porady - Recenzje\",\"publisher\":{\"@id\":\"https:\/\/kominki-elektryczne.pl\/blog\/#organization\"},\"potentialAction\":[{\"@type\":\"SearchAction\",\"target\":{\"@type\":\"EntryPoint\",\"urlTemplate\":\"https:\/\/kominki-elektryczne.pl\/blog\/?s={search_term_string}\"},\"query-input\":{\"@type\":\"PropertyValueSpecification\",\"valueRequired\":true,\"valueName\":\"search_term_string\"}}],\"inLanguage\":\"pl-PL\"},{\"@type\":\"Organization\",\"@id\":\"https:\/\/kominki-elektryczne.pl\/blog\/#organization\",\"name\":\"Kominki-Elektryczne.pl\",\"url\":\"https:\/\/kominki-elektryczne.pl\/blog\/\",\"logo\":{\"@type\":\"ImageObject\",\"inLanguage\":\"pl-PL\",\"@id\":\"https:\/\/kominki-elektryczne.pl\/blog\/#\/schema\/logo\/image\/\",\"url\":\"https:\/\/kominki-elektryczne.pl\/blog\/wp-content\/uploads\/2025\/04\/cropped-LogoAflamo.jpg\",\"contentUrl\":\"https:\/\/kominki-elektryczne.pl\/blog\/wp-content\/uploads\/2025\/04\/cropped-LogoAflamo.jpg\",\"width\":200,\"height\":58,\"caption\":\"Kominki-Elektryczne.pl\"},\"image\":{\"@id\":\"https:\/\/kominki-elektryczne.pl\/blog\/#\/schema\/logo\/image\/\"},\"sameAs\":[\"https:\/\/www.facebook.com\/elektrycznekominki\"]},{\"@type\":\"Person\",\"@id\":\"https:\/\/kominki-elektryczne.pl\/blog\/#\/schema\/person\/045e7544e3e90364f5f82cc509123089\",\"name\":\"Kominkowy\",\"image\":{\"@type\":\"ImageObject\",\"inLanguage\":\"pl-PL\",\"@id\":\"https:\/\/kominki-elektryczne.pl\/blog\/#\/schema\/person\/image\/\",\"url\":\"https:\/\/secure.gravatar.com\/avatar\/8c15720599195e8ba4119df2db28ce7e?s=96&d=mm&r=g\",\"contentUrl\":\"https:\/\/secure.gravatar.com\/avatar\/8c15720599195e8ba4119df2db28ce7e?s=96&d=mm&r=g\",\"caption\":\"Kominkowy\"},\"sameAs\":[\"http:\/\/www.kominki-elektryczne.pl\"],\"url\":\"https:\/\/kominki-elektryczne.pl\/blog\/author\/led-handel\/\"}]}<\/script>\n<!-- \/ Yoast SEO plugin. -->","yoast_head_json":{"title":"Kominek elektryczny LED SuperB - nowa ods\u0142ona kominka - Kominki-Elektryczne.pl","robots":{"index":"index","follow":"follow","max-snippet":"max-snippet:-1","max-image-preview":"max-image-preview:large","max-video-preview":"max-video-preview:-1"},"canonical":"https:\/\/kominki-elektryczne.pl\/blog\/2024\/03\/06\/kominek-elektryczny-led-superb-nowa-odslona-kominka\/","og_locale":"pl_PL","og_type":"article","og_title":"Kominek elektryczny LED SuperB - nowa ods\u0142ona kominka - Kominki-Elektryczne.pl","og_description":"Dzie\u0144 dobry, chcieliby\u015bmy poinformowa\u0107 o nowej ods\u0142onie kominka SuperB, kt\u00f3r\u0105 przedstawiaj\u0105 nowe zdj\u0119cia! Kominek posiada tr\u00f3jstronne palenisko dzi\u0119ki kt\u00f3remu p\u0142omie\u0144 wygl\u0105da jak \u017cywy ogie\u0144. Dodatkowy atutem kominka SuperB jest to, \u017ce w tej wersji posiada on ulepszone palenisko ceramiczne, kt\u00f3re wygl\u0105da jak prawdziwe kawa\u0142ki drewna. &hellip;","og_url":"https:\/\/kominki-elektryczne.pl\/blog\/2024\/03\/06\/kominek-elektryczny-led-superb-nowa-odslona-kominka\/","og_site_name":"Kominki-Elektryczne.pl","article_publisher":"https:\/\/www.facebook.com\/elektrycznekominki","article_published_time":"2024-03-06T10:46:32+00:00","article_modified_time":"2024-10-08T10:14:43+00:00","og_image":[{"width":900,"height":309,"url":"https:\/\/kominki-elektryczne.pl\/blog\/wp-content\/uploads\/2024\/03\/Superb_50-65_front_5.jpg","type":"image\/jpeg"}],"author":"Kominkowy","twitter_card":"summary_large_image","twitter_misc":{"Napisane przez":"Kominkowy"},"schema":{"@context":"https:\/\/schema.org","@graph":[{"@type":"Article","@id":"https:\/\/kominki-elektryczne.pl\/blog\/2024\/03\/06\/kominek-elektryczny-led-superb-nowa-odslona-kominka\/#article","isPartOf":{"@id":"https:\/\/kominki-elektryczne.pl\/blog\/2024\/03\/06\/kominek-elektryczny-led-superb-nowa-odslona-kominka\/"},"author":{"name":"Kominkowy","@id":"https:\/\/kominki-elektryczne.pl\/blog\/#\/schema\/person\/045e7544e3e90364f5f82cc509123089"},"headline":"Kominek elektryczny LED SuperB &#8211; nowa ods\u0142ona kominka","datePublished":"2024-03-06T10:46:32+00:00","dateModified":"2024-10-08T10:14:43+00:00","mainEntityOfPage":{"@id":"https:\/\/kominki-elektryczne.pl\/blog\/2024\/03\/06\/kominek-elektryczny-led-superb-nowa-odslona-kominka\/"},"wordCount":96,"publisher":{"@id":"https:\/\/kominki-elektryczne.pl\/blog\/#organization"},"image":{"@id":"https:\/\/kominki-elektryczne.pl\/blog\/2024\/03\/06\/kominek-elektryczny-led-superb-nowa-odslona-kominka\/#primaryimage"},"thumbnailUrl":"https:\/\/kominki-elektryczne.pl\/blog\/wp-content\/uploads\/2024\/03\/Superb_50-65_front_5.jpg","keywords":["aflamo","kominek 3d","kominek aflamo","kominek do zabudowy","kominek pod zabudow\u0119","kominek realistyczny","Kominek tr\u00f3jstronny","superb"],"inLanguage":"pl-PL"},{"@type":"WebPage","@id":"https:\/\/kominki-elektryczne.pl\/blog\/2024\/03\/06\/kominek-elektryczny-led-superb-nowa-odslona-kominka\/","url":"https:\/\/kominki-elektryczne.pl\/blog\/2024\/03\/06\/kominek-elektryczny-led-superb-nowa-odslona-kominka\/","name":"Kominek elektryczny LED SuperB - nowa ods\u0142ona kominka - Kominki-Elektryczne.pl","isPartOf":{"@id":"https:\/\/kominki-elektryczne.pl\/blog\/#website"},"primaryImageOfPage":{"@id":"https:\/\/kominki-elektryczne.pl\/blog\/2024\/03\/06\/kominek-elektryczny-led-superb-nowa-odslona-kominka\/#primaryimage"},"image":{"@id":"https:\/\/kominki-elektryczne.pl\/blog\/2024\/03\/06\/kominek-elektryczny-led-superb-nowa-odslona-kominka\/#primaryimage"},"thumbnailUrl":"https:\/\/kominki-elektryczne.pl\/blog\/wp-content\/uploads\/2024\/03\/Superb_50-65_front_5.jpg","datePublished":"2024-03-06T10:46:32+00:00","dateModified":"2024-10-08T10:14:43+00:00","breadcrumb":{"@id":"https:\/\/kominki-elektryczne.pl\/blog\/2024\/03\/06\/kominek-elektryczny-led-superb-nowa-odslona-kominka\/#breadcrumb"},"inLanguage":"pl-PL","potentialAction":[{"@type":"ReadAction","target":["https:\/\/kominki-elektryczne.pl\/blog\/2024\/03\/06\/kominek-elektryczny-led-superb-nowa-odslona-kominka\/"]}]},{"@type":"ImageObject","inLanguage":"pl-PL","@id":"https:\/\/kominki-elektryczne.pl\/blog\/2024\/03\/06\/kominek-elektryczny-led-superb-nowa-odslona-kominka\/#primaryimage","url":"https:\/\/kominki-elektryczne.pl\/blog\/wp-content\/uploads\/2024\/03\/Superb_50-65_front_5.jpg","contentUrl":"https:\/\/kominki-elektryczne.pl\/blog\/wp-content\/uploads\/2024\/03\/Superb_50-65_front_5.jpg","width":900,"height":309},{"@type":"BreadcrumbList","@id":"https:\/\/kominki-elektryczne.pl\/blog\/2024\/03\/06\/kominek-elektryczny-led-superb-nowa-odslona-kominka\/#breadcrumb","itemListElement":[{"@type":"ListItem","position":1,"name":"Strona g\u0142\u00f3wna","item":"https:\/\/kominki-elektryczne.pl\/blog\/"},{"@type":"ListItem","position":2,"name":"Kominek elektryczny LED SuperB &#8211; nowa ods\u0142ona kominka"}]},{"@type":"WebSite","@id":"https:\/\/kominki-elektryczne.pl\/blog\/#website","url":"https:\/\/kominki-elektryczne.pl\/blog\/","name":"Kominki-Elektryczne.pl","description":"Opisy - Porady - Recenzje","publisher":{"@id":"https:\/\/kominki-elektryczne.pl\/blog\/#organization"},"potentialAction":[{"@type":"SearchAction","target":{"@type":"EntryPoint","urlTemplate":"https:\/\/kominki-elektryczne.pl\/blog\/?s={search_term_string}"},"query-input":{"@type":"PropertyValueSpecification","valueRequired":true,"valueName":"search_term_string"}}],"inLanguage":"pl-PL"},{"@type":"Organization","@id":"https:\/\/kominki-elektryczne.pl\/blog\/#organization","name":"Kominki-Elektryczne.pl","url":"https:\/\/kominki-elektryczne.pl\/blog\/","logo":{"@type":"ImageObject","inLanguage":"pl-PL","@id":"https:\/\/kominki-elektryczne.pl\/blog\/#\/schema\/logo\/image\/","url":"https:\/\/kominki-elektryczne.pl\/blog\/wp-content\/uploads\/2025\/04\/cropped-LogoAflamo.jpg","contentUrl":"https:\/\/kominki-elektryczne.pl\/blog\/wp-content\/uploads\/2025\/04\/cropped-LogoAflamo.jpg","width":200,"height":58,"caption":"Kominki-Elektryczne.pl"},"image":{"@id":"https:\/\/kominki-elektryczne.pl\/blog\/#\/schema\/logo\/image\/"},"sameAs":["https:\/\/www.facebook.com\/elektrycznekominki"]},{"@type":"Person","@id":"https:\/\/kominki-elektryczne.pl\/blog\/#\/schema\/person\/045e7544e3e90364f5f82cc509123089","name":"Kominkowy","image":{"@type":"ImageObject","inLanguage":"pl-PL","@id":"https:\/\/kominki-elektryczne.pl\/blog\/#\/schema\/person\/image\/","url":"https:\/\/secure.gravatar.com\/avatar\/8c15720599195e8ba4119df2db28ce7e?s=96&d=mm&r=g","contentUrl":"https:\/\/secure.gravatar.com\/avatar\/8c15720599195e8ba4119df2db28ce7e?s=96&d=mm&r=g","caption":"Kominkowy"},"sameAs":["http:\/\/www.kominki-elektryczne.pl"],"url":"https:\/\/kominki-elektryczne.pl\/blog\/author\/led-handel\/"}]}},"_links":{"self":[{"href":"https:\/\/kominki-elektryczne.pl\/blog\/wp-json\/wp\/v2\/posts\/763","targetHints":{"allow":["GET"]}}],"collection":[{"href":"https:\/\/kominki-elektryczne.pl\/blog\/wp-json\/wp\/v2\/posts"}],"about":[{"href":"https:\/\/kominki-elektryczne.pl\/blog\/wp-json\/wp\/v2\/types\/post"}],"author":[{"embeddable":true,"href":"https:\/\/kominki-elektryczne.pl\/blog\/wp-json\/wp\/v2\/users\/1"}],"replies":[{"embeddable":true,"href":"https:\/\/kominki-elektryczne.pl\/blog\/wp-json\/wp\/v2\/comments?post=763"}],"version-history":[{"count":1,"href":"https:\/\/kominki-elektryczne.pl\/blog\/wp-json\/wp\/v2\/posts\/763\/revisions"}],"predecessor-version":[{"id":766,"href":"https:\/\/kominki-elektryczne.pl\/blog\/wp-json\/wp\/v2\/posts\/763\/revisions\/766"}],"wp:featuredmedia":[{"embeddable":true,"href":"https:\/\/kominki-elektryczne.pl\/blog\/wp-json\/wp\/v2\/media\/764"}],"wp:attachment":[{"href":"https:\/\/kominki-elektryczne.pl\/blog\/wp-json\/wp\/v2\/media?parent=763"}],"wp:term":[{"taxonomy":"category","embeddable":true,"href":"https:\/\/kominki-elektryczne.pl\/blog\/wp-json\/wp\/v2\/categories?post=763"},{"taxonomy":"post_tag","embeddable":true,"href":"https:\/\/kominki-elektryczne.pl\/blog\/wp-json\/wp\/v2\/tags?post=763"}],"curies":[{"name":"wp","href":"https:\/\/api.w.org\/{rel}","templated":true}]}}