{"id":768,"date":"2024-03-15T12:39:28","date_gmt":"2024-03-15T11:39:28","guid":{"rendered":"https:\/\/kominki-elektryczne.pl\/blog\/?p=768"},"modified":"2024-10-08T12:14:43","modified_gmt":"2024-10-08T10:14:43","slug":"biokominek-palenisko-sol-aflamo","status":"publish","type":"post","link":"https:\/\/kominki-elektryczne.pl\/blog\/2024\/03\/15\/biokominek-palenisko-sol-aflamo\/","title":{"rendered":"Biokominek, palenisko SOL &#8211; Aflamo"},"content":{"rendered":"\n<p>Dzie\u0144 dobry,<\/p>\n\n\n\n<p>dzisiaj chcieliby\u015bmy poinformowa\u0107 o nowej serii produktowej w naszych biokominkach. <\/p>\n\n\n\n<p>W naszej ofercie pojawi\u0142 si\u0119 nowoczesny <a href=\"https:\/\/www.kominki-elektryczne.pl\/pl\/biokominki-i-akcesoria\/601-biokominek-palenisko-bio-sol-aflamo.html\" target=\"_blank\" rel=\"noreferrer noopener\">biokominek SOL!<\/a><\/p>\n\n\n\n<p>Biokominek Sol wyr\u00f3\u017cnia si\u0119 tym, \u017ce jest to palenisko z kt\u00f3rego mo\u017cemy korzysta\u0107 zar\u00f3wno w domu jak i na zewn\u0105trz. <br>Idealnie nadaje si\u0119 na wieczorne spotkania ze znajomymi przy grillu, czy romantycznym wieczorze z ukochan\u0105 osob\u0105 \ud83d\ude42<\/p>\n\n\n\n<p>Zapraszamy na nasz\u0105 stron\u0119!<\/p>\n\n\n\n<p>W kr\u00f3tce pojawi\u0105 si\u0119 nowe biokominki w naszej ofercie! <br>Czekajcie na nowo\u015bci! <\/p>\n\n\n\n<div class=\"wp-block-image\"><figure class=\"aligncenter size-full is-resized\"><img loading=\"lazy\" decoding=\"async\" src=\"https:\/\/kominki-elektryczne.pl\/blog\/wp-content\/uploads\/2024\/03\/Sol_01.jpg\" alt=\"\" class=\"wp-image-769\" width=\"338\" height=\"507\" srcset=\"https:\/\/kominki-elektryczne.pl\/blog\/wp-content\/uploads\/2024\/03\/Sol_01.jpg 600w, https:\/\/kominki-elektryczne.pl\/blog\/wp-content\/uploads\/2024\/03\/Sol_01-200x300.jpg 200w\" sizes=\"auto, (max-width: 338px) 100vw, 338px\" \/><\/figure><\/div>\n","protected":false},"excerpt":{"rendered":"<p>Dzie\u0144 dobry, dzisiaj chcieliby\u015bmy poinformowa\u0107 o nowej serii produktowej w naszych biokominkach. W naszej ofercie pojawi\u0142 si\u0119 nowoczesny biokominek SOL! Biokominek Sol wyr\u00f3\u017cnia si\u0119 tym, \u017ce jest to palenisko z kt\u00f3rego mo\u017cemy korzysta\u0107 zar\u00f3wno w domu jak i na zewn\u0105trz. Idealnie nadaje si\u0119 na wieczorne &hellip; <\/p>\n","protected":false},"author":1,"featured_media":0,"comment_status":"closed","ping_status":"closed","sticky":false,"template":"","format":"standard","meta":{"footnotes":""},"categories":[1],"tags":[97,477,14,486,473,484,482,480,475,490,492,488],"class_list":["post-768","post","type-post","status-publish","format-standard","hentry","category-bez-kategorii","tag-aflamo","tag-bio","tag-biokominek","tag-biokominek-aflamo","tag-biokominek-palenisko","tag-ekologiczny-kominek","tag-kominek-na-eko","tag-kominek-na-paliwo","tag-palenisko-bio","tag-palenisko-do-domu","tag-palenisko-na-dwor","tag-palenisko-na-zewnatrz"],"yoast_head":"<!-- This site is optimized with the Yoast SEO plugin v25.7 - https:\/\/yoast.com\/wordpress\/plugins\/seo\/ -->\n<title>Biokominek, palenisko SOL - Aflamo - Kominki-Elektryczne.pl<\/title>\n<meta name=\"robots\" content=\"index, follow, max-snippet:-1, max-image-preview:large, max-video-preview:-1\" \/>\n<link rel=\"canonical\" href=\"https:\/\/kominki-elektryczne.pl\/blog\/2024\/03\/15\/biokominek-palenisko-sol-aflamo\/\" \/>\n<meta property=\"og:locale\" content=\"pl_PL\" \/>\n<meta property=\"og:type\" content=\"article\" \/>\n<meta property=\"og:title\" content=\"Biokominek, palenisko SOL - Aflamo - Kominki-Elektryczne.pl\" \/>\n<meta property=\"og:description\" content=\"Dzie\u0144 dobry, dzisiaj chcieliby\u015bmy poinformowa\u0107 o nowej serii produktowej w naszych biokominkach. W naszej ofercie pojawi\u0142 si\u0119 nowoczesny biokominek SOL! Biokominek Sol wyr\u00f3\u017cnia si\u0119 tym, \u017ce jest to palenisko z kt\u00f3rego mo\u017cemy korzysta\u0107 zar\u00f3wno w domu jak i na zewn\u0105trz. Idealnie nadaje si\u0119 na wieczorne &hellip;\" \/>\n<meta property=\"og:url\" content=\"https:\/\/kominki-elektryczne.pl\/blog\/2024\/03\/15\/biokominek-palenisko-sol-aflamo\/\" \/>\n<meta property=\"og:site_name\" content=\"Kominki-Elektryczne.pl\" \/>\n<meta property=\"article:publisher\" content=\"https:\/\/www.facebook.com\/elektrycznekominki\" \/>\n<meta property=\"article:published_time\" content=\"2024-03-15T11:39:28+00:00\" \/>\n<meta property=\"article:modified_time\" content=\"2024-10-08T10:14:43+00:00\" \/>\n<meta property=\"og:image\" content=\"https:\/\/kominki-elektryczne.pl\/blog\/wp-content\/uploads\/2024\/03\/Sol_01.jpg\" \/>\n\t<meta property=\"og:image:width\" content=\"600\" \/>\n\t<meta property=\"og:image:height\" content=\"900\" \/>\n\t<meta property=\"og:image:type\" content=\"image\/jpeg\" \/>\n<meta name=\"author\" content=\"Kominkowy\" \/>\n<meta name=\"twitter:card\" content=\"summary_large_image\" \/>\n<meta name=\"twitter:label1\" content=\"Napisane przez\" \/>\n\t<meta name=\"twitter:data1\" content=\"Kominkowy\" \/>\n<script type=\"application\/ld+json\" class=\"yoast-schema-graph\">{\"@context\":\"https:\/\/schema.org\",\"@graph\":[{\"@type\":\"Article\",\"@id\":\"https:\/\/kominki-elektryczne.pl\/blog\/2024\/03\/15\/biokominek-palenisko-sol-aflamo\/#article\",\"isPartOf\":{\"@id\":\"https:\/\/kominki-elektryczne.pl\/blog\/2024\/03\/15\/biokominek-palenisko-sol-aflamo\/\"},\"author\":{\"name\":\"Kominkowy\",\"@id\":\"https:\/\/kominki-elektryczne.pl\/blog\/#\/schema\/person\/045e7544e3e90364f5f82cc509123089\"},\"headline\":\"Biokominek, palenisko SOL &#8211; Aflamo\",\"datePublished\":\"2024-03-15T11:39:28+00:00\",\"dateModified\":\"2024-10-08T10:14:43+00:00\",\"mainEntityOfPage\":{\"@id\":\"https:\/\/kominki-elektryczne.pl\/blog\/2024\/03\/15\/biokominek-palenisko-sol-aflamo\/\"},\"wordCount\":85,\"publisher\":{\"@id\":\"https:\/\/kominki-elektryczne.pl\/blog\/#organization\"},\"image\":{\"@id\":\"https:\/\/kominki-elektryczne.pl\/blog\/2024\/03\/15\/biokominek-palenisko-sol-aflamo\/#primaryimage\"},\"thumbnailUrl\":\"https:\/\/kominki-elektryczne.pl\/blog\/wp-content\/uploads\/2024\/03\/Sol_01.jpg\",\"keywords\":[\"aflamo\",\"bio\",\"biokominek\",\"biokominek aflamo\",\"biokominek palenisko\",\"ekologiczny kominek\",\"kominek na eko\",\"kominek na paliwo\",\"palenisko bio\",\"palenisko do domu\",\"palenisko na dw\u00f3r\",\"palenisko na zewn\u0105trz\"],\"inLanguage\":\"pl-PL\"},{\"@type\":\"WebPage\",\"@id\":\"https:\/\/kominki-elektryczne.pl\/blog\/2024\/03\/15\/biokominek-palenisko-sol-aflamo\/\",\"url\":\"https:\/\/kominki-elektryczne.pl\/blog\/2024\/03\/15\/biokominek-palenisko-sol-aflamo\/\",\"name\":\"Biokominek, palenisko SOL - Aflamo - Kominki-Elektryczne.pl\",\"isPartOf\":{\"@id\":\"https:\/\/kominki-elektryczne.pl\/blog\/#website\"},\"primaryImageOfPage\":{\"@id\":\"https:\/\/kominki-elektryczne.pl\/blog\/2024\/03\/15\/biokominek-palenisko-sol-aflamo\/#primaryimage\"},\"image\":{\"@id\":\"https:\/\/kominki-elektryczne.pl\/blog\/2024\/03\/15\/biokominek-palenisko-sol-aflamo\/#primaryimage\"},\"thumbnailUrl\":\"https:\/\/kominki-elektryczne.pl\/blog\/wp-content\/uploads\/2024\/03\/Sol_01.jpg\",\"datePublished\":\"2024-03-15T11:39:28+00:00\",\"dateModified\":\"2024-10-08T10:14:43+00:00\",\"breadcrumb\":{\"@id\":\"https:\/\/kominki-elektryczne.pl\/blog\/2024\/03\/15\/biokominek-palenisko-sol-aflamo\/#breadcrumb\"},\"inLanguage\":\"pl-PL\",\"potentialAction\":[{\"@type\":\"ReadAction\",\"target\":[\"https:\/\/kominki-elektryczne.pl\/blog\/2024\/03\/15\/biokominek-palenisko-sol-aflamo\/\"]}]},{\"@type\":\"ImageObject\",\"inLanguage\":\"pl-PL\",\"@id\":\"https:\/\/kominki-elektryczne.pl\/blog\/2024\/03\/15\/biokominek-palenisko-sol-aflamo\/#primaryimage\",\"url\":\"https:\/\/kominki-elektryczne.pl\/blog\/wp-content\/uploads\/2024\/03\/Sol_01.jpg\",\"contentUrl\":\"https:\/\/kominki-elektryczne.pl\/blog\/wp-content\/uploads\/2024\/03\/Sol_01.jpg\",\"width\":600,\"height\":900},{\"@type\":\"BreadcrumbList\",\"@id\":\"https:\/\/kominki-elektryczne.pl\/blog\/2024\/03\/15\/biokominek-palenisko-sol-aflamo\/#breadcrumb\",\"itemListElement\":[{\"@type\":\"ListItem\",\"position\":1,\"name\":\"Strona g\u0142\u00f3wna\",\"item\":\"https:\/\/kominki-elektryczne.pl\/blog\/\"},{\"@type\":\"ListItem\",\"position\":2,\"name\":\"Biokominek, palenisko SOL &#8211; Aflamo\"}]},{\"@type\":\"WebSite\",\"@id\":\"https:\/\/kominki-elektryczne.pl\/blog\/#website\",\"url\":\"https:\/\/kominki-elektryczne.pl\/blog\/\",\"name\":\"Kominki-Elektryczne.pl\",\"description\":\"Opisy - Porady - Recenzje\",\"publisher\":{\"@id\":\"https:\/\/kominki-elektryczne.pl\/blog\/#organization\"},\"potentialAction\":[{\"@type\":\"SearchAction\",\"target\":{\"@type\":\"EntryPoint\",\"urlTemplate\":\"https:\/\/kominki-elektryczne.pl\/blog\/?s={search_term_string}\"},\"query-input\":{\"@type\":\"PropertyValueSpecification\",\"valueRequired\":true,\"valueName\":\"search_term_string\"}}],\"inLanguage\":\"pl-PL\"},{\"@type\":\"Organization\",\"@id\":\"https:\/\/kominki-elektryczne.pl\/blog\/#organization\",\"name\":\"Kominki-Elektryczne.pl\",\"url\":\"https:\/\/kominki-elektryczne.pl\/blog\/\",\"logo\":{\"@type\":\"ImageObject\",\"inLanguage\":\"pl-PL\",\"@id\":\"https:\/\/kominki-elektryczne.pl\/blog\/#\/schema\/logo\/image\/\",\"url\":\"https:\/\/kominki-elektryczne.pl\/blog\/wp-content\/uploads\/2025\/04\/cropped-LogoAflamo.jpg\",\"contentUrl\":\"https:\/\/kominki-elektryczne.pl\/blog\/wp-content\/uploads\/2025\/04\/cropped-LogoAflamo.jpg\",\"width\":200,\"height\":58,\"caption\":\"Kominki-Elektryczne.pl\"},\"image\":{\"@id\":\"https:\/\/kominki-elektryczne.pl\/blog\/#\/schema\/logo\/image\/\"},\"sameAs\":[\"https:\/\/www.facebook.com\/elektrycznekominki\"]},{\"@type\":\"Person\",\"@id\":\"https:\/\/kominki-elektryczne.pl\/blog\/#\/schema\/person\/045e7544e3e90364f5f82cc509123089\",\"name\":\"Kominkowy\",\"image\":{\"@type\":\"ImageObject\",\"inLanguage\":\"pl-PL\",\"@id\":\"https:\/\/kominki-elektryczne.pl\/blog\/#\/schema\/person\/image\/\",\"url\":\"https:\/\/secure.gravatar.com\/avatar\/8c15720599195e8ba4119df2db28ce7e?s=96&d=mm&r=g\",\"contentUrl\":\"https:\/\/secure.gravatar.com\/avatar\/8c15720599195e8ba4119df2db28ce7e?s=96&d=mm&r=g\",\"caption\":\"Kominkowy\"},\"sameAs\":[\"http:\/\/www.kominki-elektryczne.pl\"],\"url\":\"https:\/\/kominki-elektryczne.pl\/blog\/author\/led-handel\/\"}]}<\/script>\n<!-- \/ Yoast SEO plugin. -->","yoast_head_json":{"title":"Biokominek, palenisko SOL - Aflamo - Kominki-Elektryczne.pl","robots":{"index":"index","follow":"follow","max-snippet":"max-snippet:-1","max-image-preview":"max-image-preview:large","max-video-preview":"max-video-preview:-1"},"canonical":"https:\/\/kominki-elektryczne.pl\/blog\/2024\/03\/15\/biokominek-palenisko-sol-aflamo\/","og_locale":"pl_PL","og_type":"article","og_title":"Biokominek, palenisko SOL - Aflamo - Kominki-Elektryczne.pl","og_description":"Dzie\u0144 dobry, dzisiaj chcieliby\u015bmy poinformowa\u0107 o nowej serii produktowej w naszych biokominkach. W naszej ofercie pojawi\u0142 si\u0119 nowoczesny biokominek SOL! Biokominek Sol wyr\u00f3\u017cnia si\u0119 tym, \u017ce jest to palenisko z kt\u00f3rego mo\u017cemy korzysta\u0107 zar\u00f3wno w domu jak i na zewn\u0105trz. Idealnie nadaje si\u0119 na wieczorne &hellip;","og_url":"https:\/\/kominki-elektryczne.pl\/blog\/2024\/03\/15\/biokominek-palenisko-sol-aflamo\/","og_site_name":"Kominki-Elektryczne.pl","article_publisher":"https:\/\/www.facebook.com\/elektrycznekominki","article_published_time":"2024-03-15T11:39:28+00:00","article_modified_time":"2024-10-08T10:14:43+00:00","og_image":[{"width":600,"height":900,"url":"https:\/\/kominki-elektryczne.pl\/blog\/wp-content\/uploads\/2024\/03\/Sol_01.jpg","type":"image\/jpeg"}],"author":"Kominkowy","twitter_card":"summary_large_image","twitter_misc":{"Napisane przez":"Kominkowy"},"schema":{"@context":"https:\/\/schema.org","@graph":[{"@type":"Article","@id":"https:\/\/kominki-elektryczne.pl\/blog\/2024\/03\/15\/biokominek-palenisko-sol-aflamo\/#article","isPartOf":{"@id":"https:\/\/kominki-elektryczne.pl\/blog\/2024\/03\/15\/biokominek-palenisko-sol-aflamo\/"},"author":{"name":"Kominkowy","@id":"https:\/\/kominki-elektryczne.pl\/blog\/#\/schema\/person\/045e7544e3e90364f5f82cc509123089"},"headline":"Biokominek, palenisko SOL &#8211; Aflamo","datePublished":"2024-03-15T11:39:28+00:00","dateModified":"2024-10-08T10:14:43+00:00","mainEntityOfPage":{"@id":"https:\/\/kominki-elektryczne.pl\/blog\/2024\/03\/15\/biokominek-palenisko-sol-aflamo\/"},"wordCount":85,"publisher":{"@id":"https:\/\/kominki-elektryczne.pl\/blog\/#organization"},"image":{"@id":"https:\/\/kominki-elektryczne.pl\/blog\/2024\/03\/15\/biokominek-palenisko-sol-aflamo\/#primaryimage"},"thumbnailUrl":"https:\/\/kominki-elektryczne.pl\/blog\/wp-content\/uploads\/2024\/03\/Sol_01.jpg","keywords":["aflamo","bio","biokominek","biokominek aflamo","biokominek palenisko","ekologiczny kominek","kominek na eko","kominek na paliwo","palenisko bio","palenisko do domu","palenisko na dw\u00f3r","palenisko na zewn\u0105trz"],"inLanguage":"pl-PL"},{"@type":"WebPage","@id":"https:\/\/kominki-elektryczne.pl\/blog\/2024\/03\/15\/biokominek-palenisko-sol-aflamo\/","url":"https:\/\/kominki-elektryczne.pl\/blog\/2024\/03\/15\/biokominek-palenisko-sol-aflamo\/","name":"Biokominek, palenisko SOL - Aflamo - Kominki-Elektryczne.pl","isPartOf":{"@id":"https:\/\/kominki-elektryczne.pl\/blog\/#website"},"primaryImageOfPage":{"@id":"https:\/\/kominki-elektryczne.pl\/blog\/2024\/03\/15\/biokominek-palenisko-sol-aflamo\/#primaryimage"},"image":{"@id":"https:\/\/kominki-elektryczne.pl\/blog\/2024\/03\/15\/biokominek-palenisko-sol-aflamo\/#primaryimage"},"thumbnailUrl":"https:\/\/kominki-elektryczne.pl\/blog\/wp-content\/uploads\/2024\/03\/Sol_01.jpg","datePublished":"2024-03-15T11:39:28+00:00","dateModified":"2024-10-08T10:14:43+00:00","breadcrumb":{"@id":"https:\/\/kominki-elektryczne.pl\/blog\/2024\/03\/15\/biokominek-palenisko-sol-aflamo\/#breadcrumb"},"inLanguage":"pl-PL","potentialAction":[{"@type":"ReadAction","target":["https:\/\/kominki-elektryczne.pl\/blog\/2024\/03\/15\/biokominek-palenisko-sol-aflamo\/"]}]},{"@type":"ImageObject","inLanguage":"pl-PL","@id":"https:\/\/kominki-elektryczne.pl\/blog\/2024\/03\/15\/biokominek-palenisko-sol-aflamo\/#primaryimage","url":"https:\/\/kominki-elektryczne.pl\/blog\/wp-content\/uploads\/2024\/03\/Sol_01.jpg","contentUrl":"https:\/\/kominki-elektryczne.pl\/blog\/wp-content\/uploads\/2024\/03\/Sol_01.jpg","width":600,"height":900},{"@type":"BreadcrumbList","@id":"https:\/\/kominki-elektryczne.pl\/blog\/2024\/03\/15\/biokominek-palenisko-sol-aflamo\/#breadcrumb","itemListElement":[{"@type":"ListItem","position":1,"name":"Strona g\u0142\u00f3wna","item":"https:\/\/kominki-elektryczne.pl\/blog\/"},{"@type":"ListItem","position":2,"name":"Biokominek, palenisko SOL &#8211; Aflamo"}]},{"@type":"WebSite","@id":"https:\/\/kominki-elektryczne.pl\/blog\/#website","url":"https:\/\/kominki-elektryczne.pl\/blog\/","name":"Kominki-Elektryczne.pl","description":"Opisy - Porady - Recenzje","publisher":{"@id":"https:\/\/kominki-elektryczne.pl\/blog\/#organization"},"potentialAction":[{"@type":"SearchAction","target":{"@type":"EntryPoint","urlTemplate":"https:\/\/kominki-elektryczne.pl\/blog\/?s={search_term_string}"},"query-input":{"@type":"PropertyValueSpecification","valueRequired":true,"valueName":"search_term_string"}}],"inLanguage":"pl-PL"},{"@type":"Organization","@id":"https:\/\/kominki-elektryczne.pl\/blog\/#organization","name":"Kominki-Elektryczne.pl","url":"https:\/\/kominki-elektryczne.pl\/blog\/","logo":{"@type":"ImageObject","inLanguage":"pl-PL","@id":"https:\/\/kominki-elektryczne.pl\/blog\/#\/schema\/logo\/image\/","url":"https:\/\/kominki-elektryczne.pl\/blog\/wp-content\/uploads\/2025\/04\/cropped-LogoAflamo.jpg","contentUrl":"https:\/\/kominki-elektryczne.pl\/blog\/wp-content\/uploads\/2025\/04\/cropped-LogoAflamo.jpg","width":200,"height":58,"caption":"Kominki-Elektryczne.pl"},"image":{"@id":"https:\/\/kominki-elektryczne.pl\/blog\/#\/schema\/logo\/image\/"},"sameAs":["https:\/\/www.facebook.com\/elektrycznekominki"]},{"@type":"Person","@id":"https:\/\/kominki-elektryczne.pl\/blog\/#\/schema\/person\/045e7544e3e90364f5f82cc509123089","name":"Kominkowy","image":{"@type":"ImageObject","inLanguage":"pl-PL","@id":"https:\/\/kominki-elektryczne.pl\/blog\/#\/schema\/person\/image\/","url":"https:\/\/secure.gravatar.com\/avatar\/8c15720599195e8ba4119df2db28ce7e?s=96&d=mm&r=g","contentUrl":"https:\/\/secure.gravatar.com\/avatar\/8c15720599195e8ba4119df2db28ce7e?s=96&d=mm&r=g","caption":"Kominkowy"},"sameAs":["http:\/\/www.kominki-elektryczne.pl"],"url":"https:\/\/kominki-elektryczne.pl\/blog\/author\/led-handel\/"}]}},"_links":{"self":[{"href":"https:\/\/kominki-elektryczne.pl\/blog\/wp-json\/wp\/v2\/posts\/768","targetHints":{"allow":["GET"]}}],"collection":[{"href":"https:\/\/kominki-elektryczne.pl\/blog\/wp-json\/wp\/v2\/posts"}],"about":[{"href":"https:\/\/kominki-elektryczne.pl\/blog\/wp-json\/wp\/v2\/types\/post"}],"author":[{"embeddable":true,"href":"https:\/\/kominki-elektryczne.pl\/blog\/wp-json\/wp\/v2\/users\/1"}],"replies":[{"embeddable":true,"href":"https:\/\/kominki-elektryczne.pl\/blog\/wp-json\/wp\/v2\/comments?post=768"}],"version-history":[{"count":2,"href":"https:\/\/kominki-elektryczne.pl\/blog\/wp-json\/wp\/v2\/posts\/768\/revisions"}],"predecessor-version":[{"id":771,"href":"https:\/\/kominki-elektryczne.pl\/blog\/wp-json\/wp\/v2\/posts\/768\/revisions\/771"}],"wp:attachment":[{"href":"https:\/\/kominki-elektryczne.pl\/blog\/wp-json\/wp\/v2\/media?parent=768"}],"wp:term":[{"taxonomy":"category","embeddable":true,"href":"https:\/\/kominki-elektryczne.pl\/blog\/wp-json\/wp\/v2\/categories?post=768"},{"taxonomy":"post_tag","embeddable":true,"href":"https:\/\/kominki-elektryczne.pl\/blog\/wp-json\/wp\/v2\/tags?post=768"}],"curies":[{"name":"wp","href":"https:\/\/api.w.org\/{rel}","templated":true}]}}