{"id":777,"date":"2024-03-27T10:21:19","date_gmt":"2024-03-27T09:21:19","guid":{"rendered":"https:\/\/kominki-elektryczne.pl\/blog\/?p=777"},"modified":"2024-10-08T12:14:43","modified_gmt":"2024-10-08T10:14:43","slug":"biokominek-do-zabudowy-honos","status":"publish","type":"post","link":"https:\/\/kominki-elektryczne.pl\/blog\/2024\/03\/27\/biokominek-do-zabudowy-honos\/","title":{"rendered":"Biokominek do zabudowy HONOS"},"content":{"rendered":"\n<p>Dzie\u0144 dobry,<\/p>\n\n\n\n<p>przedstawiamy Pa\u0144stwu kolejne nowo\u015bci w naszych biokominkach!<\/p>\n\n\n\n<p>Tym razem jest to model<a href=\"https:\/\/www.kominki-elektryczne.pl\/pl\/szukaj?controller=search&amp;s=honos\" target=\"_blank\" rel=\"noreferrer noopener\"> biokominka HONOS<\/a>. Idealny model pod zabudow\u0119 lub do powieszenia na \u015bcianie. Wyst\u0119puje w pi\u0119ciu r\u00f3\u017cnych rozmiarach:<\/p>\n\n\n\n<ul class=\"wp-block-list\"><li>65 cm<\/li><li>90 cm <\/li><li>125 cm<\/li><li>155 cm<\/li><li>185 cm<\/li><\/ul>\n\n\n\n<p>Biokominek <strong>Honos<\/strong>&nbsp;to propozycja \u015bciennego biokominka o minimalistycznym wygl\u0105dzie. Elegancja w czystej postaci, bez zb\u0119dnych dodatk\u00f3w. Honos wype\u0142ni Twoje wn\u0119trze i sprawi, \u017ce inne akcesoria stan\u0105 si\u0119 zb\u0119dne.<\/p>\n\n\n\n<p>Ten model wyst\u0119puje w dw\u00f3ch wariantach:<\/p>\n\n\n\n<ul class=\"wp-block-list\"><li>z szyb\u0105<\/li><li>bez szyby<\/li><\/ul>\n\n\n\n<p>B\u0119dzie on dost\u0119pny w zale\u017cno\u015bci od rozmiaru od 10.04 lub od 30.04.2024<\/p>\n\n\n\n<p><a href=\"https:\/\/www.kominki-elektryczne.pl\/pl\/20-biokominki-i-akcesoria\" target=\"_blank\" rel=\"noreferrer noopener\">Biokominki<\/a> naszej marki Aflamo s\u0105 bardzo bezpieczne i posiadaj\u0105 certyfikat TUV. Ich dopracowana konstrukcja zapewnia r\u00f3wnomierne spalanie na ca\u0142ej d\u0142ugo\u015bci kominka.<\/p>\n\n\n\n<figure class=\"wp-block-image size-large is-style-default\"><img loading=\"lazy\" decoding=\"async\" width=\"1024\" height=\"463\" src=\"https:\/\/kominki-elektryczne.pl\/blog\/wp-content\/uploads\/2024\/03\/Honos_front_flame-1024x463.jpg\" alt=\"\" class=\"wp-image-778\" srcset=\"https:\/\/kominki-elektryczne.pl\/blog\/wp-content\/uploads\/2024\/03\/Honos_front_flame-1024x463.jpg 1024w, https:\/\/kominki-elektryczne.pl\/blog\/wp-content\/uploads\/2024\/03\/Honos_front_flame-300x136.jpg 300w, https:\/\/kominki-elektryczne.pl\/blog\/wp-content\/uploads\/2024\/03\/Honos_front_flame-768x347.jpg 768w, https:\/\/kominki-elektryczne.pl\/blog\/wp-content\/uploads\/2024\/03\/Honos_front_flame-1536x695.jpg 1536w, https:\/\/kominki-elektryczne.pl\/blog\/wp-content\/uploads\/2024\/03\/Honos_front_flame.jpg 2048w\" sizes=\"auto, (max-width: 1024px) 100vw, 1024px\" \/><figcaption>Biokominek Honos bez szyby<\/figcaption><\/figure>\n\n\n\n<figure class=\"wp-block-image size-large\"><img loading=\"lazy\" decoding=\"async\" width=\"1024\" height=\"449\" src=\"https:\/\/kominki-elektryczne.pl\/blog\/wp-content\/uploads\/2024\/03\/Honos_glass_front_flame-1024x449.jpg\" alt=\"\" class=\"wp-image-779\" srcset=\"https:\/\/kominki-elektryczne.pl\/blog\/wp-content\/uploads\/2024\/03\/Honos_glass_front_flame-1024x449.jpg 1024w, https:\/\/kominki-elektryczne.pl\/blog\/wp-content\/uploads\/2024\/03\/Honos_glass_front_flame-300x132.jpg 300w, https:\/\/kominki-elektryczne.pl\/blog\/wp-content\/uploads\/2024\/03\/Honos_glass_front_flame-768x337.jpg 768w, https:\/\/kominki-elektryczne.pl\/blog\/wp-content\/uploads\/2024\/03\/Honos_glass_front_flame-1536x674.jpg 1536w, https:\/\/kominki-elektryczne.pl\/blog\/wp-content\/uploads\/2024\/03\/Honos_glass_front_flame.jpg 1900w\" sizes=\"auto, (max-width: 1024px) 100vw, 1024px\" \/><figcaption>Biokominek Honos z szyb\u0105<\/figcaption><\/figure>\n\n\n\n<p>Serdecznie zapraszamy do zapoznania si\u0119 z nasz\u0105 gam\u0105 biokomink\u00f3w i komink\u00f3w elektrycznych LED!<\/p>\n","protected":false},"excerpt":{"rendered":"<p>Dzie\u0144 dobry, przedstawiamy Pa\u0144stwu kolejne nowo\u015bci w naszych biokominkach! Tym razem jest to model biokominka HONOS. Idealny model pod zabudow\u0119 lub do powieszenia na \u015bcianie. Wyst\u0119puje w pi\u0119ciu r\u00f3\u017cnych rozmiarach: 65 cm 90 cm 125 cm 155 cm 185 cm Biokominek Honos&nbsp;to propozycja \u015bciennego biokominka &hellip; <\/p>\n","protected":false},"author":1,"featured_media":0,"comment_status":"closed","ping_status":"closed","sticky":false,"template":"","format":"standard","meta":{"footnotes":""},"categories":[1],"tags":[97,513,14,225,223,511,506,16,480],"class_list":["post-777","post","type-post","status-publish","format-standard","hentry","category-bez-kategorii","tag-aflamo","tag-bio-scienny","tag-biokominek","tag-biokominek-pod-zabudowe","tag-biokominek-scienny","tag-biokominek-z-szyba","tag-biokominki","tag-kominek-bio","tag-kominek-na-paliwo"],"yoast_head":"<!-- This site is optimized with the Yoast SEO plugin v25.7 - https:\/\/yoast.com\/wordpress\/plugins\/seo\/ -->\n<title>Biokominek do zabudowy HONOS - Kominki-Elektryczne.pl<\/title>\n<meta name=\"robots\" content=\"index, follow, max-snippet:-1, max-image-preview:large, max-video-preview:-1\" \/>\n<link rel=\"canonical\" href=\"https:\/\/kominki-elektryczne.pl\/blog\/2024\/03\/27\/biokominek-do-zabudowy-honos\/\" \/>\n<meta property=\"og:locale\" content=\"pl_PL\" \/>\n<meta property=\"og:type\" content=\"article\" \/>\n<meta property=\"og:title\" content=\"Biokominek do zabudowy HONOS - Kominki-Elektryczne.pl\" \/>\n<meta property=\"og:description\" content=\"Dzie\u0144 dobry, przedstawiamy Pa\u0144stwu kolejne nowo\u015bci w naszych biokominkach! Tym razem jest to model biokominka HONOS. Idealny model pod zabudow\u0119 lub do powieszenia na \u015bcianie. Wyst\u0119puje w pi\u0119ciu r\u00f3\u017cnych rozmiarach: 65 cm 90 cm 125 cm 155 cm 185 cm Biokominek Honos&nbsp;to propozycja \u015bciennego biokominka &hellip;\" \/>\n<meta property=\"og:url\" content=\"https:\/\/kominki-elektryczne.pl\/blog\/2024\/03\/27\/biokominek-do-zabudowy-honos\/\" \/>\n<meta property=\"og:site_name\" content=\"Kominki-Elektryczne.pl\" \/>\n<meta property=\"article:publisher\" content=\"https:\/\/www.facebook.com\/elektrycznekominki\" \/>\n<meta property=\"article:published_time\" content=\"2024-03-27T09:21:19+00:00\" \/>\n<meta property=\"article:modified_time\" content=\"2024-10-08T10:14:43+00:00\" \/>\n<meta property=\"og:image\" content=\"https:\/\/kominki-elektryczne.pl\/blog\/wp-content\/uploads\/2024\/03\/Honos_front_flame.jpg\" \/>\n\t<meta property=\"og:image:width\" content=\"2048\" \/>\n\t<meta property=\"og:image:height\" content=\"926\" \/>\n\t<meta property=\"og:image:type\" content=\"image\/jpeg\" \/>\n<meta name=\"author\" content=\"Kominkowy\" \/>\n<meta name=\"twitter:card\" content=\"summary_large_image\" \/>\n<meta name=\"twitter:label1\" content=\"Napisane przez\" \/>\n\t<meta name=\"twitter:data1\" content=\"Kominkowy\" \/>\n\t<meta name=\"twitter:label2\" content=\"Szacowany czas czytania\" \/>\n\t<meta name=\"twitter:data2\" content=\"1 minuta\" \/>\n<script type=\"application\/ld+json\" class=\"yoast-schema-graph\">{\"@context\":\"https:\/\/schema.org\",\"@graph\":[{\"@type\":\"Article\",\"@id\":\"https:\/\/kominki-elektryczne.pl\/blog\/2024\/03\/27\/biokominek-do-zabudowy-honos\/#article\",\"isPartOf\":{\"@id\":\"https:\/\/kominki-elektryczne.pl\/blog\/2024\/03\/27\/biokominek-do-zabudowy-honos\/\"},\"author\":{\"name\":\"Kominkowy\",\"@id\":\"https:\/\/kominki-elektryczne.pl\/blog\/#\/schema\/person\/045e7544e3e90364f5f82cc509123089\"},\"headline\":\"Biokominek do zabudowy HONOS\",\"datePublished\":\"2024-03-27T09:21:19+00:00\",\"dateModified\":\"2024-10-08T10:14:43+00:00\",\"mainEntityOfPage\":{\"@id\":\"https:\/\/kominki-elektryczne.pl\/blog\/2024\/03\/27\/biokominek-do-zabudowy-honos\/\"},\"wordCount\":153,\"publisher\":{\"@id\":\"https:\/\/kominki-elektryczne.pl\/blog\/#organization\"},\"image\":{\"@id\":\"https:\/\/kominki-elektryczne.pl\/blog\/2024\/03\/27\/biokominek-do-zabudowy-honos\/#primaryimage\"},\"thumbnailUrl\":\"https:\/\/kominki-elektryczne.pl\/blog\/wp-content\/uploads\/2024\/03\/Honos_front_flame-1024x463.jpg\",\"keywords\":[\"aflamo\",\"bio \u015bcienny\",\"biokominek\",\"biokominek pod zabudow\u0119\",\"biokominek \u015bcienny\",\"biokominek z szyb\u0105\",\"biokominki\",\"kominek bio\",\"kominek na paliwo\"],\"inLanguage\":\"pl-PL\"},{\"@type\":\"WebPage\",\"@id\":\"https:\/\/kominki-elektryczne.pl\/blog\/2024\/03\/27\/biokominek-do-zabudowy-honos\/\",\"url\":\"https:\/\/kominki-elektryczne.pl\/blog\/2024\/03\/27\/biokominek-do-zabudowy-honos\/\",\"name\":\"Biokominek do zabudowy HONOS - Kominki-Elektryczne.pl\",\"isPartOf\":{\"@id\":\"https:\/\/kominki-elektryczne.pl\/blog\/#website\"},\"primaryImageOfPage\":{\"@id\":\"https:\/\/kominki-elektryczne.pl\/blog\/2024\/03\/27\/biokominek-do-zabudowy-honos\/#primaryimage\"},\"image\":{\"@id\":\"https:\/\/kominki-elektryczne.pl\/blog\/2024\/03\/27\/biokominek-do-zabudowy-honos\/#primaryimage\"},\"thumbnailUrl\":\"https:\/\/kominki-elektryczne.pl\/blog\/wp-content\/uploads\/2024\/03\/Honos_front_flame-1024x463.jpg\",\"datePublished\":\"2024-03-27T09:21:19+00:00\",\"dateModified\":\"2024-10-08T10:14:43+00:00\",\"breadcrumb\":{\"@id\":\"https:\/\/kominki-elektryczne.pl\/blog\/2024\/03\/27\/biokominek-do-zabudowy-honos\/#breadcrumb\"},\"inLanguage\":\"pl-PL\",\"potentialAction\":[{\"@type\":\"ReadAction\",\"target\":[\"https:\/\/kominki-elektryczne.pl\/blog\/2024\/03\/27\/biokominek-do-zabudowy-honos\/\"]}]},{\"@type\":\"ImageObject\",\"inLanguage\":\"pl-PL\",\"@id\":\"https:\/\/kominki-elektryczne.pl\/blog\/2024\/03\/27\/biokominek-do-zabudowy-honos\/#primaryimage\",\"url\":\"https:\/\/kominki-elektryczne.pl\/blog\/wp-content\/uploads\/2024\/03\/Honos_front_flame.jpg\",\"contentUrl\":\"https:\/\/kominki-elektryczne.pl\/blog\/wp-content\/uploads\/2024\/03\/Honos_front_flame.jpg\",\"width\":2048,\"height\":926},{\"@type\":\"BreadcrumbList\",\"@id\":\"https:\/\/kominki-elektryczne.pl\/blog\/2024\/03\/27\/biokominek-do-zabudowy-honos\/#breadcrumb\",\"itemListElement\":[{\"@type\":\"ListItem\",\"position\":1,\"name\":\"Strona g\u0142\u00f3wna\",\"item\":\"https:\/\/kominki-elektryczne.pl\/blog\/\"},{\"@type\":\"ListItem\",\"position\":2,\"name\":\"Biokominek do zabudowy HONOS\"}]},{\"@type\":\"WebSite\",\"@id\":\"https:\/\/kominki-elektryczne.pl\/blog\/#website\",\"url\":\"https:\/\/kominki-elektryczne.pl\/blog\/\",\"name\":\"Kominki-Elektryczne.pl\",\"description\":\"Opisy - Porady - Recenzje\",\"publisher\":{\"@id\":\"https:\/\/kominki-elektryczne.pl\/blog\/#organization\"},\"potentialAction\":[{\"@type\":\"SearchAction\",\"target\":{\"@type\":\"EntryPoint\",\"urlTemplate\":\"https:\/\/kominki-elektryczne.pl\/blog\/?s={search_term_string}\"},\"query-input\":{\"@type\":\"PropertyValueSpecification\",\"valueRequired\":true,\"valueName\":\"search_term_string\"}}],\"inLanguage\":\"pl-PL\"},{\"@type\":\"Organization\",\"@id\":\"https:\/\/kominki-elektryczne.pl\/blog\/#organization\",\"name\":\"Kominki-Elektryczne.pl\",\"url\":\"https:\/\/kominki-elektryczne.pl\/blog\/\",\"logo\":{\"@type\":\"ImageObject\",\"inLanguage\":\"pl-PL\",\"@id\":\"https:\/\/kominki-elektryczne.pl\/blog\/#\/schema\/logo\/image\/\",\"url\":\"https:\/\/kominki-elektryczne.pl\/blog\/wp-content\/uploads\/2025\/04\/cropped-LogoAflamo.jpg\",\"contentUrl\":\"https:\/\/kominki-elektryczne.pl\/blog\/wp-content\/uploads\/2025\/04\/cropped-LogoAflamo.jpg\",\"width\":200,\"height\":58,\"caption\":\"Kominki-Elektryczne.pl\"},\"image\":{\"@id\":\"https:\/\/kominki-elektryczne.pl\/blog\/#\/schema\/logo\/image\/\"},\"sameAs\":[\"https:\/\/www.facebook.com\/elektrycznekominki\"]},{\"@type\":\"Person\",\"@id\":\"https:\/\/kominki-elektryczne.pl\/blog\/#\/schema\/person\/045e7544e3e90364f5f82cc509123089\",\"name\":\"Kominkowy\",\"image\":{\"@type\":\"ImageObject\",\"inLanguage\":\"pl-PL\",\"@id\":\"https:\/\/kominki-elektryczne.pl\/blog\/#\/schema\/person\/image\/\",\"url\":\"https:\/\/secure.gravatar.com\/avatar\/8c15720599195e8ba4119df2db28ce7e?s=96&d=mm&r=g\",\"contentUrl\":\"https:\/\/secure.gravatar.com\/avatar\/8c15720599195e8ba4119df2db28ce7e?s=96&d=mm&r=g\",\"caption\":\"Kominkowy\"},\"sameAs\":[\"http:\/\/www.kominki-elektryczne.pl\"],\"url\":\"https:\/\/kominki-elektryczne.pl\/blog\/author\/led-handel\/\"}]}<\/script>\n<!-- \/ Yoast SEO plugin. -->","yoast_head_json":{"title":"Biokominek do zabudowy HONOS - Kominki-Elektryczne.pl","robots":{"index":"index","follow":"follow","max-snippet":"max-snippet:-1","max-image-preview":"max-image-preview:large","max-video-preview":"max-video-preview:-1"},"canonical":"https:\/\/kominki-elektryczne.pl\/blog\/2024\/03\/27\/biokominek-do-zabudowy-honos\/","og_locale":"pl_PL","og_type":"article","og_title":"Biokominek do zabudowy HONOS - Kominki-Elektryczne.pl","og_description":"Dzie\u0144 dobry, przedstawiamy Pa\u0144stwu kolejne nowo\u015bci w naszych biokominkach! Tym razem jest to model biokominka HONOS. Idealny model pod zabudow\u0119 lub do powieszenia na \u015bcianie. Wyst\u0119puje w pi\u0119ciu r\u00f3\u017cnych rozmiarach: 65 cm 90 cm 125 cm 155 cm 185 cm Biokominek Honos&nbsp;to propozycja \u015bciennego biokominka &hellip;","og_url":"https:\/\/kominki-elektryczne.pl\/blog\/2024\/03\/27\/biokominek-do-zabudowy-honos\/","og_site_name":"Kominki-Elektryczne.pl","article_publisher":"https:\/\/www.facebook.com\/elektrycznekominki","article_published_time":"2024-03-27T09:21:19+00:00","article_modified_time":"2024-10-08T10:14:43+00:00","og_image":[{"width":2048,"height":926,"url":"https:\/\/kominki-elektryczne.pl\/blog\/wp-content\/uploads\/2024\/03\/Honos_front_flame.jpg","type":"image\/jpeg"}],"author":"Kominkowy","twitter_card":"summary_large_image","twitter_misc":{"Napisane przez":"Kominkowy","Szacowany czas czytania":"1 minuta"},"schema":{"@context":"https:\/\/schema.org","@graph":[{"@type":"Article","@id":"https:\/\/kominki-elektryczne.pl\/blog\/2024\/03\/27\/biokominek-do-zabudowy-honos\/#article","isPartOf":{"@id":"https:\/\/kominki-elektryczne.pl\/blog\/2024\/03\/27\/biokominek-do-zabudowy-honos\/"},"author":{"name":"Kominkowy","@id":"https:\/\/kominki-elektryczne.pl\/blog\/#\/schema\/person\/045e7544e3e90364f5f82cc509123089"},"headline":"Biokominek do zabudowy HONOS","datePublished":"2024-03-27T09:21:19+00:00","dateModified":"2024-10-08T10:14:43+00:00","mainEntityOfPage":{"@id":"https:\/\/kominki-elektryczne.pl\/blog\/2024\/03\/27\/biokominek-do-zabudowy-honos\/"},"wordCount":153,"publisher":{"@id":"https:\/\/kominki-elektryczne.pl\/blog\/#organization"},"image":{"@id":"https:\/\/kominki-elektryczne.pl\/blog\/2024\/03\/27\/biokominek-do-zabudowy-honos\/#primaryimage"},"thumbnailUrl":"https:\/\/kominki-elektryczne.pl\/blog\/wp-content\/uploads\/2024\/03\/Honos_front_flame-1024x463.jpg","keywords":["aflamo","bio \u015bcienny","biokominek","biokominek pod zabudow\u0119","biokominek \u015bcienny","biokominek z szyb\u0105","biokominki","kominek bio","kominek na paliwo"],"inLanguage":"pl-PL"},{"@type":"WebPage","@id":"https:\/\/kominki-elektryczne.pl\/blog\/2024\/03\/27\/biokominek-do-zabudowy-honos\/","url":"https:\/\/kominki-elektryczne.pl\/blog\/2024\/03\/27\/biokominek-do-zabudowy-honos\/","name":"Biokominek do zabudowy HONOS - Kominki-Elektryczne.pl","isPartOf":{"@id":"https:\/\/kominki-elektryczne.pl\/blog\/#website"},"primaryImageOfPage":{"@id":"https:\/\/kominki-elektryczne.pl\/blog\/2024\/03\/27\/biokominek-do-zabudowy-honos\/#primaryimage"},"image":{"@id":"https:\/\/kominki-elektryczne.pl\/blog\/2024\/03\/27\/biokominek-do-zabudowy-honos\/#primaryimage"},"thumbnailUrl":"https:\/\/kominki-elektryczne.pl\/blog\/wp-content\/uploads\/2024\/03\/Honos_front_flame-1024x463.jpg","datePublished":"2024-03-27T09:21:19+00:00","dateModified":"2024-10-08T10:14:43+00:00","breadcrumb":{"@id":"https:\/\/kominki-elektryczne.pl\/blog\/2024\/03\/27\/biokominek-do-zabudowy-honos\/#breadcrumb"},"inLanguage":"pl-PL","potentialAction":[{"@type":"ReadAction","target":["https:\/\/kominki-elektryczne.pl\/blog\/2024\/03\/27\/biokominek-do-zabudowy-honos\/"]}]},{"@type":"ImageObject","inLanguage":"pl-PL","@id":"https:\/\/kominki-elektryczne.pl\/blog\/2024\/03\/27\/biokominek-do-zabudowy-honos\/#primaryimage","url":"https:\/\/kominki-elektryczne.pl\/blog\/wp-content\/uploads\/2024\/03\/Honos_front_flame.jpg","contentUrl":"https:\/\/kominki-elektryczne.pl\/blog\/wp-content\/uploads\/2024\/03\/Honos_front_flame.jpg","width":2048,"height":926},{"@type":"BreadcrumbList","@id":"https:\/\/kominki-elektryczne.pl\/blog\/2024\/03\/27\/biokominek-do-zabudowy-honos\/#breadcrumb","itemListElement":[{"@type":"ListItem","position":1,"name":"Strona g\u0142\u00f3wna","item":"https:\/\/kominki-elektryczne.pl\/blog\/"},{"@type":"ListItem","position":2,"name":"Biokominek do zabudowy HONOS"}]},{"@type":"WebSite","@id":"https:\/\/kominki-elektryczne.pl\/blog\/#website","url":"https:\/\/kominki-elektryczne.pl\/blog\/","name":"Kominki-Elektryczne.pl","description":"Opisy - Porady - Recenzje","publisher":{"@id":"https:\/\/kominki-elektryczne.pl\/blog\/#organization"},"potentialAction":[{"@type":"SearchAction","target":{"@type":"EntryPoint","urlTemplate":"https:\/\/kominki-elektryczne.pl\/blog\/?s={search_term_string}"},"query-input":{"@type":"PropertyValueSpecification","valueRequired":true,"valueName":"search_term_string"}}],"inLanguage":"pl-PL"},{"@type":"Organization","@id":"https:\/\/kominki-elektryczne.pl\/blog\/#organization","name":"Kominki-Elektryczne.pl","url":"https:\/\/kominki-elektryczne.pl\/blog\/","logo":{"@type":"ImageObject","inLanguage":"pl-PL","@id":"https:\/\/kominki-elektryczne.pl\/blog\/#\/schema\/logo\/image\/","url":"https:\/\/kominki-elektryczne.pl\/blog\/wp-content\/uploads\/2025\/04\/cropped-LogoAflamo.jpg","contentUrl":"https:\/\/kominki-elektryczne.pl\/blog\/wp-content\/uploads\/2025\/04\/cropped-LogoAflamo.jpg","width":200,"height":58,"caption":"Kominki-Elektryczne.pl"},"image":{"@id":"https:\/\/kominki-elektryczne.pl\/blog\/#\/schema\/logo\/image\/"},"sameAs":["https:\/\/www.facebook.com\/elektrycznekominki"]},{"@type":"Person","@id":"https:\/\/kominki-elektryczne.pl\/blog\/#\/schema\/person\/045e7544e3e90364f5f82cc509123089","name":"Kominkowy","image":{"@type":"ImageObject","inLanguage":"pl-PL","@id":"https:\/\/kominki-elektryczne.pl\/blog\/#\/schema\/person\/image\/","url":"https:\/\/secure.gravatar.com\/avatar\/8c15720599195e8ba4119df2db28ce7e?s=96&d=mm&r=g","contentUrl":"https:\/\/secure.gravatar.com\/avatar\/8c15720599195e8ba4119df2db28ce7e?s=96&d=mm&r=g","caption":"Kominkowy"},"sameAs":["http:\/\/www.kominki-elektryczne.pl"],"url":"https:\/\/kominki-elektryczne.pl\/blog\/author\/led-handel\/"}]}},"_links":{"self":[{"href":"https:\/\/kominki-elektryczne.pl\/blog\/wp-json\/wp\/v2\/posts\/777","targetHints":{"allow":["GET"]}}],"collection":[{"href":"https:\/\/kominki-elektryczne.pl\/blog\/wp-json\/wp\/v2\/posts"}],"about":[{"href":"https:\/\/kominki-elektryczne.pl\/blog\/wp-json\/wp\/v2\/types\/post"}],"author":[{"embeddable":true,"href":"https:\/\/kominki-elektryczne.pl\/blog\/wp-json\/wp\/v2\/users\/1"}],"replies":[{"embeddable":true,"href":"https:\/\/kominki-elektryczne.pl\/blog\/wp-json\/wp\/v2\/comments?post=777"}],"version-history":[{"count":2,"href":"https:\/\/kominki-elektryczne.pl\/blog\/wp-json\/wp\/v2\/posts\/777\/revisions"}],"predecessor-version":[{"id":781,"href":"https:\/\/kominki-elektryczne.pl\/blog\/wp-json\/wp\/v2\/posts\/777\/revisions\/781"}],"wp:attachment":[{"href":"https:\/\/kominki-elektryczne.pl\/blog\/wp-json\/wp\/v2\/media?parent=777"}],"wp:term":[{"taxonomy":"category","embeddable":true,"href":"https:\/\/kominki-elektryczne.pl\/blog\/wp-json\/wp\/v2\/categories?post=777"},{"taxonomy":"post_tag","embeddable":true,"href":"https:\/\/kominki-elektryczne.pl\/blog\/wp-json\/wp\/v2\/tags?post=777"}],"curies":[{"name":"wp","href":"https:\/\/api.w.org\/{rel}","templated":true}]}}