{"id":784,"date":"2024-04-17T11:14:28","date_gmt":"2024-04-17T09:14:28","guid":{"rendered":"https:\/\/kominki-elektryczne.pl\/blog\/?p=784"},"modified":"2024-10-08T12:14:43","modified_gmt":"2024-10-08T10:14:43","slug":"biokominek-trojstronny-lares","status":"publish","type":"post","link":"https:\/\/kominki-elektryczne.pl\/blog\/2024\/04\/17\/biokominek-trojstronny-lares\/","title":{"rendered":"Biokominek tr\u00f3jstronny LARES"},"content":{"rendered":"\n<p>Dzie\u0144 dobry,<\/p>\n\n\n\n<p>przedstawiamy Pa\u0144stwu kolejny model z naszych nowo\u015bci, kt\u00f3re wchodz\u0105 do naszej oferty.<br>Biokominek LARES jest to model biokominka TR\u00d3JSTRONNY.<br>Posiada od 3 szyby dzi\u0119ki kt\u00f3rym p\u0142omie\u0144 wida\u0107 z ka\u017cdej strony.<\/p>\n\n\n\n<p>Biokominek mo\u017cna zabudowa\u0107, ale i r\u00f3wnie\u017c powiesi\u0107 na \u015bcianie.<\/p>\n\n\n\n<p>Wyst\u0119puje on w 3 rozmiarach:<\/p>\n\n\n\n<ul class=\"wp-block-list\"><li><a href=\"https:\/\/www.kominki-elektryczne.pl\/pl\/biokominki-i-akcesoria\/604-biokominek-trojstronny-lares-80-cm-aflamo-.html\" target=\"_blank\" rel=\"noreferrer noopener\">Lares 60 cm<\/a><\/li><li><a href=\"https:\/\/www.kominki-elektryczne.pl\/pl\/biokominki-scienne-i-do-zabudowy\/603-trojstronny-biokominek-lares-60-cm-aflamo.html\" target=\"_blank\" rel=\"noreferrer noopener\">Lares 80 cm<\/a><\/li><li><a href=\"https:\/\/www.kominki-elektryczne.pl\/pl\/biokominki-i-akcesoria\/602-biokominek-trojstronny-lares-100-cm-aflamo.html\" target=\"_blank\" rel=\"noreferrer noopener\">Lares 100 cm<\/a><\/li><\/ul>\n\n\n\n<p>Ten model b\u0119dzie wkr\u00f3tce w sprzeda\u017cy!<\/p>\n\n\n\n<p>Zapraszamy do zapoznania si\u0119 z nasz\u0105 <a href=\"https:\/\/www.kominki-elektryczne.pl\/pl\/20-biokominki-i-akcesoria\" target=\"_blank\" rel=\"noreferrer noopener\">ofert\u0105 biokomink\u00f3w!<\/a><\/p>\n","protected":false},"excerpt":{"rendered":"<p>Dzie\u0144 dobry, przedstawiamy Pa\u0144stwu kolejny model z naszych nowo\u015bci, kt\u00f3re wchodz\u0105 do naszej oferty.Biokominek LARES jest to model biokominka TR\u00d3JSTRONNY.Posiada od 3 szyby dzi\u0119ki kt\u00f3rym p\u0142omie\u0144 wida\u0107 z ka\u017cdej strony. Biokominek mo\u017cna zabudowa\u0107, ale i r\u00f3wnie\u017c powiesi\u0107 na \u015bcianie. Wyst\u0119puje on w 3 rozmiarach: Lares &hellip; <\/p>\n","protected":false},"author":1,"featured_media":0,"comment_status":"closed","ping_status":"closed","sticky":false,"template":"","format":"standard","meta":{"footnotes":""},"categories":[1],"tags":[97,477,14,486,519,225,223,515,511],"class_list":["post-784","post","type-post","status-publish","format-standard","hentry","category-bez-kategorii","tag-aflamo","tag-bio","tag-biokominek","tag-biokominek-aflamo","tag-biokominek-do-powieszenia","tag-biokominek-pod-zabudowe","tag-biokominek-scienny","tag-biokominek-trojstronny","tag-biokominek-z-szyba"],"yoast_head":"<!-- This site is optimized with the Yoast SEO plugin v25.7 - https:\/\/yoast.com\/wordpress\/plugins\/seo\/ -->\n<title>Biokominek tr\u00f3jstronny LARES - Kominki-Elektryczne.pl<\/title>\n<meta name=\"robots\" content=\"index, follow, max-snippet:-1, max-image-preview:large, max-video-preview:-1\" \/>\n<link rel=\"canonical\" href=\"https:\/\/kominki-elektryczne.pl\/blog\/2024\/04\/17\/biokominek-trojstronny-lares\/\" \/>\n<meta property=\"og:locale\" content=\"pl_PL\" \/>\n<meta property=\"og:type\" content=\"article\" \/>\n<meta property=\"og:title\" content=\"Biokominek tr\u00f3jstronny LARES - Kominki-Elektryczne.pl\" \/>\n<meta property=\"og:description\" content=\"Dzie\u0144 dobry, przedstawiamy Pa\u0144stwu kolejny model z naszych nowo\u015bci, kt\u00f3re wchodz\u0105 do naszej oferty.Biokominek LARES jest to model biokominka TR\u00d3JSTRONNY.Posiada od 3 szyby dzi\u0119ki kt\u00f3rym p\u0142omie\u0144 wida\u0107 z ka\u017cdej strony. Biokominek mo\u017cna zabudowa\u0107, ale i r\u00f3wnie\u017c powiesi\u0107 na \u015bcianie. Wyst\u0119puje on w 3 rozmiarach: Lares &hellip;\" \/>\n<meta property=\"og:url\" content=\"https:\/\/kominki-elektryczne.pl\/blog\/2024\/04\/17\/biokominek-trojstronny-lares\/\" \/>\n<meta property=\"og:site_name\" content=\"Kominki-Elektryczne.pl\" \/>\n<meta property=\"article:publisher\" content=\"https:\/\/www.facebook.com\/elektrycznekominki\" \/>\n<meta property=\"article:published_time\" content=\"2024-04-17T09:14:28+00:00\" \/>\n<meta property=\"article:modified_time\" content=\"2024-10-08T10:14:43+00:00\" \/>\n<meta name=\"author\" content=\"Kominkowy\" \/>\n<meta name=\"twitter:card\" content=\"summary_large_image\" \/>\n<meta name=\"twitter:label1\" content=\"Napisane przez\" \/>\n\t<meta name=\"twitter:data1\" content=\"Kominkowy\" \/>\n<script type=\"application\/ld+json\" class=\"yoast-schema-graph\">{\"@context\":\"https:\/\/schema.org\",\"@graph\":[{\"@type\":\"Article\",\"@id\":\"https:\/\/kominki-elektryczne.pl\/blog\/2024\/04\/17\/biokominek-trojstronny-lares\/#article\",\"isPartOf\":{\"@id\":\"https:\/\/kominki-elektryczne.pl\/blog\/2024\/04\/17\/biokominek-trojstronny-lares\/\"},\"author\":{\"name\":\"Kominkowy\",\"@id\":\"https:\/\/kominki-elektryczne.pl\/blog\/#\/schema\/person\/045e7544e3e90364f5f82cc509123089\"},\"headline\":\"Biokominek tr\u00f3jstronny LARES\",\"datePublished\":\"2024-04-17T09:14:28+00:00\",\"dateModified\":\"2024-10-08T10:14:43+00:00\",\"mainEntityOfPage\":{\"@id\":\"https:\/\/kominki-elektryczne.pl\/blog\/2024\/04\/17\/biokominek-trojstronny-lares\/\"},\"wordCount\":83,\"publisher\":{\"@id\":\"https:\/\/kominki-elektryczne.pl\/blog\/#organization\"},\"keywords\":[\"aflamo\",\"bio\",\"biokominek\",\"biokominek aflamo\",\"biokominek do powieszenia\",\"biokominek pod zabudow\u0119\",\"biokominek \u015bcienny\",\"biokominek tr\u00f3jstronny\",\"biokominek z szyb\u0105\"],\"inLanguage\":\"pl-PL\"},{\"@type\":\"WebPage\",\"@id\":\"https:\/\/kominki-elektryczne.pl\/blog\/2024\/04\/17\/biokominek-trojstronny-lares\/\",\"url\":\"https:\/\/kominki-elektryczne.pl\/blog\/2024\/04\/17\/biokominek-trojstronny-lares\/\",\"name\":\"Biokominek tr\u00f3jstronny LARES - Kominki-Elektryczne.pl\",\"isPartOf\":{\"@id\":\"https:\/\/kominki-elektryczne.pl\/blog\/#website\"},\"datePublished\":\"2024-04-17T09:14:28+00:00\",\"dateModified\":\"2024-10-08T10:14:43+00:00\",\"breadcrumb\":{\"@id\":\"https:\/\/kominki-elektryczne.pl\/blog\/2024\/04\/17\/biokominek-trojstronny-lares\/#breadcrumb\"},\"inLanguage\":\"pl-PL\",\"potentialAction\":[{\"@type\":\"ReadAction\",\"target\":[\"https:\/\/kominki-elektryczne.pl\/blog\/2024\/04\/17\/biokominek-trojstronny-lares\/\"]}]},{\"@type\":\"BreadcrumbList\",\"@id\":\"https:\/\/kominki-elektryczne.pl\/blog\/2024\/04\/17\/biokominek-trojstronny-lares\/#breadcrumb\",\"itemListElement\":[{\"@type\":\"ListItem\",\"position\":1,\"name\":\"Strona g\u0142\u00f3wna\",\"item\":\"https:\/\/kominki-elektryczne.pl\/blog\/\"},{\"@type\":\"ListItem\",\"position\":2,\"name\":\"Biokominek tr\u00f3jstronny LARES\"}]},{\"@type\":\"WebSite\",\"@id\":\"https:\/\/kominki-elektryczne.pl\/blog\/#website\",\"url\":\"https:\/\/kominki-elektryczne.pl\/blog\/\",\"name\":\"Kominki-Elektryczne.pl\",\"description\":\"Opisy - Porady - Recenzje\",\"publisher\":{\"@id\":\"https:\/\/kominki-elektryczne.pl\/blog\/#organization\"},\"potentialAction\":[{\"@type\":\"SearchAction\",\"target\":{\"@type\":\"EntryPoint\",\"urlTemplate\":\"https:\/\/kominki-elektryczne.pl\/blog\/?s={search_term_string}\"},\"query-input\":{\"@type\":\"PropertyValueSpecification\",\"valueRequired\":true,\"valueName\":\"search_term_string\"}}],\"inLanguage\":\"pl-PL\"},{\"@type\":\"Organization\",\"@id\":\"https:\/\/kominki-elektryczne.pl\/blog\/#organization\",\"name\":\"Kominki-Elektryczne.pl\",\"url\":\"https:\/\/kominki-elektryczne.pl\/blog\/\",\"logo\":{\"@type\":\"ImageObject\",\"inLanguage\":\"pl-PL\",\"@id\":\"https:\/\/kominki-elektryczne.pl\/blog\/#\/schema\/logo\/image\/\",\"url\":\"https:\/\/kominki-elektryczne.pl\/blog\/wp-content\/uploads\/2025\/04\/cropped-LogoAflamo.jpg\",\"contentUrl\":\"https:\/\/kominki-elektryczne.pl\/blog\/wp-content\/uploads\/2025\/04\/cropped-LogoAflamo.jpg\",\"width\":200,\"height\":58,\"caption\":\"Kominki-Elektryczne.pl\"},\"image\":{\"@id\":\"https:\/\/kominki-elektryczne.pl\/blog\/#\/schema\/logo\/image\/\"},\"sameAs\":[\"https:\/\/www.facebook.com\/elektrycznekominki\"]},{\"@type\":\"Person\",\"@id\":\"https:\/\/kominki-elektryczne.pl\/blog\/#\/schema\/person\/045e7544e3e90364f5f82cc509123089\",\"name\":\"Kominkowy\",\"image\":{\"@type\":\"ImageObject\",\"inLanguage\":\"pl-PL\",\"@id\":\"https:\/\/kominki-elektryczne.pl\/blog\/#\/schema\/person\/image\/\",\"url\":\"https:\/\/secure.gravatar.com\/avatar\/8c15720599195e8ba4119df2db28ce7e?s=96&d=mm&r=g\",\"contentUrl\":\"https:\/\/secure.gravatar.com\/avatar\/8c15720599195e8ba4119df2db28ce7e?s=96&d=mm&r=g\",\"caption\":\"Kominkowy\"},\"sameAs\":[\"http:\/\/www.kominki-elektryczne.pl\"],\"url\":\"https:\/\/kominki-elektryczne.pl\/blog\/author\/led-handel\/\"}]}<\/script>\n<!-- \/ Yoast SEO plugin. -->","yoast_head_json":{"title":"Biokominek tr\u00f3jstronny LARES - Kominki-Elektryczne.pl","robots":{"index":"index","follow":"follow","max-snippet":"max-snippet:-1","max-image-preview":"max-image-preview:large","max-video-preview":"max-video-preview:-1"},"canonical":"https:\/\/kominki-elektryczne.pl\/blog\/2024\/04\/17\/biokominek-trojstronny-lares\/","og_locale":"pl_PL","og_type":"article","og_title":"Biokominek tr\u00f3jstronny LARES - Kominki-Elektryczne.pl","og_description":"Dzie\u0144 dobry, przedstawiamy Pa\u0144stwu kolejny model z naszych nowo\u015bci, kt\u00f3re wchodz\u0105 do naszej oferty.Biokominek LARES jest to model biokominka TR\u00d3JSTRONNY.Posiada od 3 szyby dzi\u0119ki kt\u00f3rym p\u0142omie\u0144 wida\u0107 z ka\u017cdej strony. Biokominek mo\u017cna zabudowa\u0107, ale i r\u00f3wnie\u017c powiesi\u0107 na \u015bcianie. Wyst\u0119puje on w 3 rozmiarach: Lares &hellip;","og_url":"https:\/\/kominki-elektryczne.pl\/blog\/2024\/04\/17\/biokominek-trojstronny-lares\/","og_site_name":"Kominki-Elektryczne.pl","article_publisher":"https:\/\/www.facebook.com\/elektrycznekominki","article_published_time":"2024-04-17T09:14:28+00:00","article_modified_time":"2024-10-08T10:14:43+00:00","author":"Kominkowy","twitter_card":"summary_large_image","twitter_misc":{"Napisane przez":"Kominkowy"},"schema":{"@context":"https:\/\/schema.org","@graph":[{"@type":"Article","@id":"https:\/\/kominki-elektryczne.pl\/blog\/2024\/04\/17\/biokominek-trojstronny-lares\/#article","isPartOf":{"@id":"https:\/\/kominki-elektryczne.pl\/blog\/2024\/04\/17\/biokominek-trojstronny-lares\/"},"author":{"name":"Kominkowy","@id":"https:\/\/kominki-elektryczne.pl\/blog\/#\/schema\/person\/045e7544e3e90364f5f82cc509123089"},"headline":"Biokominek tr\u00f3jstronny LARES","datePublished":"2024-04-17T09:14:28+00:00","dateModified":"2024-10-08T10:14:43+00:00","mainEntityOfPage":{"@id":"https:\/\/kominki-elektryczne.pl\/blog\/2024\/04\/17\/biokominek-trojstronny-lares\/"},"wordCount":83,"publisher":{"@id":"https:\/\/kominki-elektryczne.pl\/blog\/#organization"},"keywords":["aflamo","bio","biokominek","biokominek aflamo","biokominek do powieszenia","biokominek pod zabudow\u0119","biokominek \u015bcienny","biokominek tr\u00f3jstronny","biokominek z szyb\u0105"],"inLanguage":"pl-PL"},{"@type":"WebPage","@id":"https:\/\/kominki-elektryczne.pl\/blog\/2024\/04\/17\/biokominek-trojstronny-lares\/","url":"https:\/\/kominki-elektryczne.pl\/blog\/2024\/04\/17\/biokominek-trojstronny-lares\/","name":"Biokominek tr\u00f3jstronny LARES - Kominki-Elektryczne.pl","isPartOf":{"@id":"https:\/\/kominki-elektryczne.pl\/blog\/#website"},"datePublished":"2024-04-17T09:14:28+00:00","dateModified":"2024-10-08T10:14:43+00:00","breadcrumb":{"@id":"https:\/\/kominki-elektryczne.pl\/blog\/2024\/04\/17\/biokominek-trojstronny-lares\/#breadcrumb"},"inLanguage":"pl-PL","potentialAction":[{"@type":"ReadAction","target":["https:\/\/kominki-elektryczne.pl\/blog\/2024\/04\/17\/biokominek-trojstronny-lares\/"]}]},{"@type":"BreadcrumbList","@id":"https:\/\/kominki-elektryczne.pl\/blog\/2024\/04\/17\/biokominek-trojstronny-lares\/#breadcrumb","itemListElement":[{"@type":"ListItem","position":1,"name":"Strona g\u0142\u00f3wna","item":"https:\/\/kominki-elektryczne.pl\/blog\/"},{"@type":"ListItem","position":2,"name":"Biokominek tr\u00f3jstronny LARES"}]},{"@type":"WebSite","@id":"https:\/\/kominki-elektryczne.pl\/blog\/#website","url":"https:\/\/kominki-elektryczne.pl\/blog\/","name":"Kominki-Elektryczne.pl","description":"Opisy - Porady - Recenzje","publisher":{"@id":"https:\/\/kominki-elektryczne.pl\/blog\/#organization"},"potentialAction":[{"@type":"SearchAction","target":{"@type":"EntryPoint","urlTemplate":"https:\/\/kominki-elektryczne.pl\/blog\/?s={search_term_string}"},"query-input":{"@type":"PropertyValueSpecification","valueRequired":true,"valueName":"search_term_string"}}],"inLanguage":"pl-PL"},{"@type":"Organization","@id":"https:\/\/kominki-elektryczne.pl\/blog\/#organization","name":"Kominki-Elektryczne.pl","url":"https:\/\/kominki-elektryczne.pl\/blog\/","logo":{"@type":"ImageObject","inLanguage":"pl-PL","@id":"https:\/\/kominki-elektryczne.pl\/blog\/#\/schema\/logo\/image\/","url":"https:\/\/kominki-elektryczne.pl\/blog\/wp-content\/uploads\/2025\/04\/cropped-LogoAflamo.jpg","contentUrl":"https:\/\/kominki-elektryczne.pl\/blog\/wp-content\/uploads\/2025\/04\/cropped-LogoAflamo.jpg","width":200,"height":58,"caption":"Kominki-Elektryczne.pl"},"image":{"@id":"https:\/\/kominki-elektryczne.pl\/blog\/#\/schema\/logo\/image\/"},"sameAs":["https:\/\/www.facebook.com\/elektrycznekominki"]},{"@type":"Person","@id":"https:\/\/kominki-elektryczne.pl\/blog\/#\/schema\/person\/045e7544e3e90364f5f82cc509123089","name":"Kominkowy","image":{"@type":"ImageObject","inLanguage":"pl-PL","@id":"https:\/\/kominki-elektryczne.pl\/blog\/#\/schema\/person\/image\/","url":"https:\/\/secure.gravatar.com\/avatar\/8c15720599195e8ba4119df2db28ce7e?s=96&d=mm&r=g","contentUrl":"https:\/\/secure.gravatar.com\/avatar\/8c15720599195e8ba4119df2db28ce7e?s=96&d=mm&r=g","caption":"Kominkowy"},"sameAs":["http:\/\/www.kominki-elektryczne.pl"],"url":"https:\/\/kominki-elektryczne.pl\/blog\/author\/led-handel\/"}]}},"_links":{"self":[{"href":"https:\/\/kominki-elektryczne.pl\/blog\/wp-json\/wp\/v2\/posts\/784","targetHints":{"allow":["GET"]}}],"collection":[{"href":"https:\/\/kominki-elektryczne.pl\/blog\/wp-json\/wp\/v2\/posts"}],"about":[{"href":"https:\/\/kominki-elektryczne.pl\/blog\/wp-json\/wp\/v2\/types\/post"}],"author":[{"embeddable":true,"href":"https:\/\/kominki-elektryczne.pl\/blog\/wp-json\/wp\/v2\/users\/1"}],"replies":[{"embeddable":true,"href":"https:\/\/kominki-elektryczne.pl\/blog\/wp-json\/wp\/v2\/comments?post=784"}],"version-history":[{"count":1,"href":"https:\/\/kominki-elektryczne.pl\/blog\/wp-json\/wp\/v2\/posts\/784\/revisions"}],"predecessor-version":[{"id":785,"href":"https:\/\/kominki-elektryczne.pl\/blog\/wp-json\/wp\/v2\/posts\/784\/revisions\/785"}],"wp:attachment":[{"href":"https:\/\/kominki-elektryczne.pl\/blog\/wp-json\/wp\/v2\/media?parent=784"}],"wp:term":[{"taxonomy":"category","embeddable":true,"href":"https:\/\/kominki-elektryczne.pl\/blog\/wp-json\/wp\/v2\/categories?post=784"},{"taxonomy":"post_tag","embeddable":true,"href":"https:\/\/kominki-elektryczne.pl\/blog\/wp-json\/wp\/v2\/tags?post=784"}],"curies":[{"name":"wp","href":"https:\/\/api.w.org\/{rel}","templated":true}]}}