{"id":789,"date":"2024-05-08T11:37:30","date_gmt":"2024-05-08T09:37:30","guid":{"rendered":"https:\/\/kominki-elektryczne.pl\/blog\/?p=789"},"modified":"2024-10-08T12:14:43","modified_gmt":"2024-10-08T10:14:43","slug":"biokominek-juno-aflamo","status":"publish","type":"post","link":"https:\/\/kominki-elektryczne.pl\/blog\/2024\/05\/08\/biokominek-juno-aflamo\/","title":{"rendered":"Biokominek Juno &#8211; Aflamo"},"content":{"rendered":"\n<p>Dzie\u0144 dobry,<\/p>\n\n\n\n<p>dzisiaj wesz\u0142y na sklep marki Aflamo nowy biokominek o nazwie JUNO.<br>Ten biokominek nale\u017cy do modeli kt\u00f3re mo\u017cna zabudowa\u0107 jak i r\u00f3wnie\u017c powiesi\u0107 na \u015bcianie. <\/p>\n\n\n\n<p>Do wyboru s\u0105 dwie wersje:<\/p>\n\n\n\n<ul class=\"wp-block-list\"><li>wersja bez szyby<\/li><li>wersja z szyb\u0105<\/li><\/ul>\n\n\n\n<p>Oczywi\u015bcie r\u00f3\u017cni\u0105 si\u0119 one cen\u0105, ale jest to fajna opcja dla kogo\u015b kto chce mie\u0107 szyb\u0119 ze wzgl\u0119du na dzieci czy te\u017c zwierz\u0119ta. <\/p>\n\n\n\n<p>Wyst\u0119puje on w rozmiarach od 54 cm a\u017c do 174 cm!<\/p>\n\n\n\n<p>Biokominek JUNO wyr\u00f3\u017cnia tak\u017ce to, \u017ce niema on grubej ramki, tylko bardzo cieniutk\u0105 blach\u0119 dzi\u0119ki czemu ramka nie zabiera przestrzeni paleniska!<\/p>\n\n\n\n<figure class=\"wp-block-image\"><img decoding=\"async\" src=\"https:\/\/www.kominki-elektryczne.pl\/img\/cms\/Junobio\/Juno_front_flame-1.jpg\" alt=\"Juno_front_flame.jpg\"\/><\/figure>\n\n\n\n<p>a co wy my\u015blicie o takim stylu biokominka?<\/p>\n\n\n\n<p>Zobaczcie je sami na stronie <a href=\"https:\/\/www.kominki-elektryczne.pl\/pl\/szukaj?controller=search&amp;s=juno\" target=\"_blank\" rel=\"noreferrer noopener\">Aflamo<\/a><\/p>\n","protected":false},"excerpt":{"rendered":"<p>Dzie\u0144 dobry, dzisiaj wesz\u0142y na sklep marki Aflamo nowy biokominek o nazwie JUNO.Ten biokominek nale\u017cy do modeli kt\u00f3re mo\u017cna zabudowa\u0107 jak i r\u00f3wnie\u017c powiesi\u0107 na \u015bcianie. Do wyboru s\u0105 dwie wersje: wersja bez szyby wersja z szyb\u0105 Oczywi\u015bcie r\u00f3\u017cni\u0105 si\u0119 one cen\u0105, ale jest to &hellip; <\/p>\n","protected":false},"author":1,"featured_media":0,"comment_status":"closed","ping_status":"closed","sticky":false,"template":"","format":"standard","meta":{"footnotes":""},"categories":[1],"tags":[97,14,528,533,531],"class_list":["post-789","post","type-post","status-publish","format-standard","hentry","category-bez-kategorii","tag-aflamo","tag-biokominek","tag-biokominek-juno","tag-biokominki-do-zabudowy","tag-biokominki-scienne"],"yoast_head":"<!-- This site is optimized with the Yoast SEO plugin v25.7 - https:\/\/yoast.com\/wordpress\/plugins\/seo\/ -->\n<title>Biokominek Juno - Aflamo - Kominki-Elektryczne.pl<\/title>\n<meta name=\"robots\" content=\"index, follow, max-snippet:-1, max-image-preview:large, max-video-preview:-1\" \/>\n<link rel=\"canonical\" href=\"https:\/\/kominki-elektryczne.pl\/blog\/2024\/05\/08\/biokominek-juno-aflamo\/\" \/>\n<meta property=\"og:locale\" content=\"pl_PL\" \/>\n<meta property=\"og:type\" content=\"article\" \/>\n<meta property=\"og:title\" content=\"Biokominek Juno - Aflamo - Kominki-Elektryczne.pl\" \/>\n<meta property=\"og:description\" content=\"Dzie\u0144 dobry, dzisiaj wesz\u0142y na sklep marki Aflamo nowy biokominek o nazwie JUNO.Ten biokominek nale\u017cy do modeli kt\u00f3re mo\u017cna zabudowa\u0107 jak i r\u00f3wnie\u017c powiesi\u0107 na \u015bcianie. Do wyboru s\u0105 dwie wersje: wersja bez szyby wersja z szyb\u0105 Oczywi\u015bcie r\u00f3\u017cni\u0105 si\u0119 one cen\u0105, ale jest to &hellip;\" \/>\n<meta property=\"og:url\" content=\"https:\/\/kominki-elektryczne.pl\/blog\/2024\/05\/08\/biokominek-juno-aflamo\/\" \/>\n<meta property=\"og:site_name\" content=\"Kominki-Elektryczne.pl\" \/>\n<meta property=\"article:publisher\" content=\"https:\/\/www.facebook.com\/elektrycznekominki\" \/>\n<meta property=\"article:published_time\" content=\"2024-05-08T09:37:30+00:00\" \/>\n<meta property=\"article:modified_time\" content=\"2024-10-08T10:14:43+00:00\" \/>\n<meta property=\"og:image\" content=\"https:\/\/www.kominki-elektryczne.pl\/img\/cms\/Junobio\/Juno_front_flame-1.jpg\" \/>\n<meta name=\"author\" content=\"Kominkowy\" \/>\n<meta name=\"twitter:card\" content=\"summary_large_image\" \/>\n<meta name=\"twitter:label1\" content=\"Napisane przez\" \/>\n\t<meta name=\"twitter:data1\" content=\"Kominkowy\" \/>\n\t<meta name=\"twitter:label2\" content=\"Szacowany czas czytania\" \/>\n\t<meta name=\"twitter:data2\" content=\"1 minuta\" \/>\n<script type=\"application\/ld+json\" class=\"yoast-schema-graph\">{\"@context\":\"https:\/\/schema.org\",\"@graph\":[{\"@type\":\"Article\",\"@id\":\"https:\/\/kominki-elektryczne.pl\/blog\/2024\/05\/08\/biokominek-juno-aflamo\/#article\",\"isPartOf\":{\"@id\":\"https:\/\/kominki-elektryczne.pl\/blog\/2024\/05\/08\/biokominek-juno-aflamo\/\"},\"author\":{\"name\":\"Kominkowy\",\"@id\":\"https:\/\/kominki-elektryczne.pl\/blog\/#\/schema\/person\/045e7544e3e90364f5f82cc509123089\"},\"headline\":\"Biokominek Juno &#8211; Aflamo\",\"datePublished\":\"2024-05-08T09:37:30+00:00\",\"dateModified\":\"2024-10-08T10:14:43+00:00\",\"mainEntityOfPage\":{\"@id\":\"https:\/\/kominki-elektryczne.pl\/blog\/2024\/05\/08\/biokominek-juno-aflamo\/\"},\"wordCount\":123,\"publisher\":{\"@id\":\"https:\/\/kominki-elektryczne.pl\/blog\/#organization\"},\"image\":{\"@id\":\"https:\/\/kominki-elektryczne.pl\/blog\/2024\/05\/08\/biokominek-juno-aflamo\/#primaryimage\"},\"thumbnailUrl\":\"https:\/\/www.kominki-elektryczne.pl\/img\/cms\/Junobio\/Juno_front_flame-1.jpg\",\"keywords\":[\"aflamo\",\"biokominek\",\"biokominek juno\",\"biokominki do zabudowy\",\"biokominki \u015bcienne\"],\"inLanguage\":\"pl-PL\"},{\"@type\":\"WebPage\",\"@id\":\"https:\/\/kominki-elektryczne.pl\/blog\/2024\/05\/08\/biokominek-juno-aflamo\/\",\"url\":\"https:\/\/kominki-elektryczne.pl\/blog\/2024\/05\/08\/biokominek-juno-aflamo\/\",\"name\":\"Biokominek Juno - Aflamo - Kominki-Elektryczne.pl\",\"isPartOf\":{\"@id\":\"https:\/\/kominki-elektryczne.pl\/blog\/#website\"},\"primaryImageOfPage\":{\"@id\":\"https:\/\/kominki-elektryczne.pl\/blog\/2024\/05\/08\/biokominek-juno-aflamo\/#primaryimage\"},\"image\":{\"@id\":\"https:\/\/kominki-elektryczne.pl\/blog\/2024\/05\/08\/biokominek-juno-aflamo\/#primaryimage\"},\"thumbnailUrl\":\"https:\/\/www.kominki-elektryczne.pl\/img\/cms\/Junobio\/Juno_front_flame-1.jpg\",\"datePublished\":\"2024-05-08T09:37:30+00:00\",\"dateModified\":\"2024-10-08T10:14:43+00:00\",\"breadcrumb\":{\"@id\":\"https:\/\/kominki-elektryczne.pl\/blog\/2024\/05\/08\/biokominek-juno-aflamo\/#breadcrumb\"},\"inLanguage\":\"pl-PL\",\"potentialAction\":[{\"@type\":\"ReadAction\",\"target\":[\"https:\/\/kominki-elektryczne.pl\/blog\/2024\/05\/08\/biokominek-juno-aflamo\/\"]}]},{\"@type\":\"ImageObject\",\"inLanguage\":\"pl-PL\",\"@id\":\"https:\/\/kominki-elektryczne.pl\/blog\/2024\/05\/08\/biokominek-juno-aflamo\/#primaryimage\",\"url\":\"https:\/\/www.kominki-elektryczne.pl\/img\/cms\/Junobio\/Juno_front_flame-1.jpg\",\"contentUrl\":\"https:\/\/www.kominki-elektryczne.pl\/img\/cms\/Junobio\/Juno_front_flame-1.jpg\"},{\"@type\":\"BreadcrumbList\",\"@id\":\"https:\/\/kominki-elektryczne.pl\/blog\/2024\/05\/08\/biokominek-juno-aflamo\/#breadcrumb\",\"itemListElement\":[{\"@type\":\"ListItem\",\"position\":1,\"name\":\"Strona g\u0142\u00f3wna\",\"item\":\"https:\/\/kominki-elektryczne.pl\/blog\/\"},{\"@type\":\"ListItem\",\"position\":2,\"name\":\"Biokominek Juno &#8211; Aflamo\"}]},{\"@type\":\"WebSite\",\"@id\":\"https:\/\/kominki-elektryczne.pl\/blog\/#website\",\"url\":\"https:\/\/kominki-elektryczne.pl\/blog\/\",\"name\":\"Kominki-Elektryczne.pl\",\"description\":\"Opisy - Porady - Recenzje\",\"publisher\":{\"@id\":\"https:\/\/kominki-elektryczne.pl\/blog\/#organization\"},\"potentialAction\":[{\"@type\":\"SearchAction\",\"target\":{\"@type\":\"EntryPoint\",\"urlTemplate\":\"https:\/\/kominki-elektryczne.pl\/blog\/?s={search_term_string}\"},\"query-input\":{\"@type\":\"PropertyValueSpecification\",\"valueRequired\":true,\"valueName\":\"search_term_string\"}}],\"inLanguage\":\"pl-PL\"},{\"@type\":\"Organization\",\"@id\":\"https:\/\/kominki-elektryczne.pl\/blog\/#organization\",\"name\":\"Kominki-Elektryczne.pl\",\"url\":\"https:\/\/kominki-elektryczne.pl\/blog\/\",\"logo\":{\"@type\":\"ImageObject\",\"inLanguage\":\"pl-PL\",\"@id\":\"https:\/\/kominki-elektryczne.pl\/blog\/#\/schema\/logo\/image\/\",\"url\":\"https:\/\/kominki-elektryczne.pl\/blog\/wp-content\/uploads\/2025\/04\/cropped-LogoAflamo.jpg\",\"contentUrl\":\"https:\/\/kominki-elektryczne.pl\/blog\/wp-content\/uploads\/2025\/04\/cropped-LogoAflamo.jpg\",\"width\":200,\"height\":58,\"caption\":\"Kominki-Elektryczne.pl\"},\"image\":{\"@id\":\"https:\/\/kominki-elektryczne.pl\/blog\/#\/schema\/logo\/image\/\"},\"sameAs\":[\"https:\/\/www.facebook.com\/elektrycznekominki\"]},{\"@type\":\"Person\",\"@id\":\"https:\/\/kominki-elektryczne.pl\/blog\/#\/schema\/person\/045e7544e3e90364f5f82cc509123089\",\"name\":\"Kominkowy\",\"image\":{\"@type\":\"ImageObject\",\"inLanguage\":\"pl-PL\",\"@id\":\"https:\/\/kominki-elektryczne.pl\/blog\/#\/schema\/person\/image\/\",\"url\":\"https:\/\/secure.gravatar.com\/avatar\/8c15720599195e8ba4119df2db28ce7e?s=96&d=mm&r=g\",\"contentUrl\":\"https:\/\/secure.gravatar.com\/avatar\/8c15720599195e8ba4119df2db28ce7e?s=96&d=mm&r=g\",\"caption\":\"Kominkowy\"},\"sameAs\":[\"http:\/\/www.kominki-elektryczne.pl\"],\"url\":\"https:\/\/kominki-elektryczne.pl\/blog\/author\/led-handel\/\"}]}<\/script>\n<!-- \/ Yoast SEO plugin. -->","yoast_head_json":{"title":"Biokominek Juno - Aflamo - Kominki-Elektryczne.pl","robots":{"index":"index","follow":"follow","max-snippet":"max-snippet:-1","max-image-preview":"max-image-preview:large","max-video-preview":"max-video-preview:-1"},"canonical":"https:\/\/kominki-elektryczne.pl\/blog\/2024\/05\/08\/biokominek-juno-aflamo\/","og_locale":"pl_PL","og_type":"article","og_title":"Biokominek Juno - Aflamo - Kominki-Elektryczne.pl","og_description":"Dzie\u0144 dobry, dzisiaj wesz\u0142y na sklep marki Aflamo nowy biokominek o nazwie JUNO.Ten biokominek nale\u017cy do modeli kt\u00f3re mo\u017cna zabudowa\u0107 jak i r\u00f3wnie\u017c powiesi\u0107 na \u015bcianie. Do wyboru s\u0105 dwie wersje: wersja bez szyby wersja z szyb\u0105 Oczywi\u015bcie r\u00f3\u017cni\u0105 si\u0119 one cen\u0105, ale jest to &hellip;","og_url":"https:\/\/kominki-elektryczne.pl\/blog\/2024\/05\/08\/biokominek-juno-aflamo\/","og_site_name":"Kominki-Elektryczne.pl","article_publisher":"https:\/\/www.facebook.com\/elektrycznekominki","article_published_time":"2024-05-08T09:37:30+00:00","article_modified_time":"2024-10-08T10:14:43+00:00","og_image":[{"url":"https:\/\/www.kominki-elektryczne.pl\/img\/cms\/Junobio\/Juno_front_flame-1.jpg","type":"","width":"","height":""}],"author":"Kominkowy","twitter_card":"summary_large_image","twitter_misc":{"Napisane przez":"Kominkowy","Szacowany czas czytania":"1 minuta"},"schema":{"@context":"https:\/\/schema.org","@graph":[{"@type":"Article","@id":"https:\/\/kominki-elektryczne.pl\/blog\/2024\/05\/08\/biokominek-juno-aflamo\/#article","isPartOf":{"@id":"https:\/\/kominki-elektryczne.pl\/blog\/2024\/05\/08\/biokominek-juno-aflamo\/"},"author":{"name":"Kominkowy","@id":"https:\/\/kominki-elektryczne.pl\/blog\/#\/schema\/person\/045e7544e3e90364f5f82cc509123089"},"headline":"Biokominek Juno &#8211; Aflamo","datePublished":"2024-05-08T09:37:30+00:00","dateModified":"2024-10-08T10:14:43+00:00","mainEntityOfPage":{"@id":"https:\/\/kominki-elektryczne.pl\/blog\/2024\/05\/08\/biokominek-juno-aflamo\/"},"wordCount":123,"publisher":{"@id":"https:\/\/kominki-elektryczne.pl\/blog\/#organization"},"image":{"@id":"https:\/\/kominki-elektryczne.pl\/blog\/2024\/05\/08\/biokominek-juno-aflamo\/#primaryimage"},"thumbnailUrl":"https:\/\/www.kominki-elektryczne.pl\/img\/cms\/Junobio\/Juno_front_flame-1.jpg","keywords":["aflamo","biokominek","biokominek juno","biokominki do zabudowy","biokominki \u015bcienne"],"inLanguage":"pl-PL"},{"@type":"WebPage","@id":"https:\/\/kominki-elektryczne.pl\/blog\/2024\/05\/08\/biokominek-juno-aflamo\/","url":"https:\/\/kominki-elektryczne.pl\/blog\/2024\/05\/08\/biokominek-juno-aflamo\/","name":"Biokominek Juno - Aflamo - Kominki-Elektryczne.pl","isPartOf":{"@id":"https:\/\/kominki-elektryczne.pl\/blog\/#website"},"primaryImageOfPage":{"@id":"https:\/\/kominki-elektryczne.pl\/blog\/2024\/05\/08\/biokominek-juno-aflamo\/#primaryimage"},"image":{"@id":"https:\/\/kominki-elektryczne.pl\/blog\/2024\/05\/08\/biokominek-juno-aflamo\/#primaryimage"},"thumbnailUrl":"https:\/\/www.kominki-elektryczne.pl\/img\/cms\/Junobio\/Juno_front_flame-1.jpg","datePublished":"2024-05-08T09:37:30+00:00","dateModified":"2024-10-08T10:14:43+00:00","breadcrumb":{"@id":"https:\/\/kominki-elektryczne.pl\/blog\/2024\/05\/08\/biokominek-juno-aflamo\/#breadcrumb"},"inLanguage":"pl-PL","potentialAction":[{"@type":"ReadAction","target":["https:\/\/kominki-elektryczne.pl\/blog\/2024\/05\/08\/biokominek-juno-aflamo\/"]}]},{"@type":"ImageObject","inLanguage":"pl-PL","@id":"https:\/\/kominki-elektryczne.pl\/blog\/2024\/05\/08\/biokominek-juno-aflamo\/#primaryimage","url":"https:\/\/www.kominki-elektryczne.pl\/img\/cms\/Junobio\/Juno_front_flame-1.jpg","contentUrl":"https:\/\/www.kominki-elektryczne.pl\/img\/cms\/Junobio\/Juno_front_flame-1.jpg"},{"@type":"BreadcrumbList","@id":"https:\/\/kominki-elektryczne.pl\/blog\/2024\/05\/08\/biokominek-juno-aflamo\/#breadcrumb","itemListElement":[{"@type":"ListItem","position":1,"name":"Strona g\u0142\u00f3wna","item":"https:\/\/kominki-elektryczne.pl\/blog\/"},{"@type":"ListItem","position":2,"name":"Biokominek Juno &#8211; Aflamo"}]},{"@type":"WebSite","@id":"https:\/\/kominki-elektryczne.pl\/blog\/#website","url":"https:\/\/kominki-elektryczne.pl\/blog\/","name":"Kominki-Elektryczne.pl","description":"Opisy - Porady - Recenzje","publisher":{"@id":"https:\/\/kominki-elektryczne.pl\/blog\/#organization"},"potentialAction":[{"@type":"SearchAction","target":{"@type":"EntryPoint","urlTemplate":"https:\/\/kominki-elektryczne.pl\/blog\/?s={search_term_string}"},"query-input":{"@type":"PropertyValueSpecification","valueRequired":true,"valueName":"search_term_string"}}],"inLanguage":"pl-PL"},{"@type":"Organization","@id":"https:\/\/kominki-elektryczne.pl\/blog\/#organization","name":"Kominki-Elektryczne.pl","url":"https:\/\/kominki-elektryczne.pl\/blog\/","logo":{"@type":"ImageObject","inLanguage":"pl-PL","@id":"https:\/\/kominki-elektryczne.pl\/blog\/#\/schema\/logo\/image\/","url":"https:\/\/kominki-elektryczne.pl\/blog\/wp-content\/uploads\/2025\/04\/cropped-LogoAflamo.jpg","contentUrl":"https:\/\/kominki-elektryczne.pl\/blog\/wp-content\/uploads\/2025\/04\/cropped-LogoAflamo.jpg","width":200,"height":58,"caption":"Kominki-Elektryczne.pl"},"image":{"@id":"https:\/\/kominki-elektryczne.pl\/blog\/#\/schema\/logo\/image\/"},"sameAs":["https:\/\/www.facebook.com\/elektrycznekominki"]},{"@type":"Person","@id":"https:\/\/kominki-elektryczne.pl\/blog\/#\/schema\/person\/045e7544e3e90364f5f82cc509123089","name":"Kominkowy","image":{"@type":"ImageObject","inLanguage":"pl-PL","@id":"https:\/\/kominki-elektryczne.pl\/blog\/#\/schema\/person\/image\/","url":"https:\/\/secure.gravatar.com\/avatar\/8c15720599195e8ba4119df2db28ce7e?s=96&d=mm&r=g","contentUrl":"https:\/\/secure.gravatar.com\/avatar\/8c15720599195e8ba4119df2db28ce7e?s=96&d=mm&r=g","caption":"Kominkowy"},"sameAs":["http:\/\/www.kominki-elektryczne.pl"],"url":"https:\/\/kominki-elektryczne.pl\/blog\/author\/led-handel\/"}]}},"_links":{"self":[{"href":"https:\/\/kominki-elektryczne.pl\/blog\/wp-json\/wp\/v2\/posts\/789","targetHints":{"allow":["GET"]}}],"collection":[{"href":"https:\/\/kominki-elektryczne.pl\/blog\/wp-json\/wp\/v2\/posts"}],"about":[{"href":"https:\/\/kominki-elektryczne.pl\/blog\/wp-json\/wp\/v2\/types\/post"}],"author":[{"embeddable":true,"href":"https:\/\/kominki-elektryczne.pl\/blog\/wp-json\/wp\/v2\/users\/1"}],"replies":[{"embeddable":true,"href":"https:\/\/kominki-elektryczne.pl\/blog\/wp-json\/wp\/v2\/comments?post=789"}],"version-history":[{"count":2,"href":"https:\/\/kominki-elektryczne.pl\/blog\/wp-json\/wp\/v2\/posts\/789\/revisions"}],"predecessor-version":[{"id":791,"href":"https:\/\/kominki-elektryczne.pl\/blog\/wp-json\/wp\/v2\/posts\/789\/revisions\/791"}],"wp:attachment":[{"href":"https:\/\/kominki-elektryczne.pl\/blog\/wp-json\/wp\/v2\/media?parent=789"}],"wp:term":[{"taxonomy":"category","embeddable":true,"href":"https:\/\/kominki-elektryczne.pl\/blog\/wp-json\/wp\/v2\/categories?post=789"},{"taxonomy":"post_tag","embeddable":true,"href":"https:\/\/kominki-elektryczne.pl\/blog\/wp-json\/wp\/v2\/tags?post=789"}],"curies":[{"name":"wp","href":"https:\/\/api.w.org\/{rel}","templated":true}]}}