{"id":806,"date":"2024-10-31T14:03:13","date_gmt":"2024-10-31T13:03:13","guid":{"rendered":"https:\/\/kominki-elektryczne.pl\/blog\/?p=806"},"modified":"2024-10-31T14:03:15","modified_gmt":"2024-10-31T13:03:15","slug":"nuovi-caminetti-elettrici-pro-innovazioni-e-tendenze-per-il-2025","status":"publish","type":"post","link":"https:\/\/kominki-elektryczne.pl\/blog\/it\/2024\/10\/31\/nuovi-caminetti-elettrici-pro-innovazioni-e-tendenze-per-il-2025\/","title":{"rendered":"Nuovi caminetti elettrici PRO &#8211; Innovazioni e tendenze per il 2025"},"content":{"rendered":"\n<p>Buongiorno!<\/p>\n\n\n\n<p>L&#8217;inverno \u00e8 alle porte e le gelate iniziano a fare capolino nelle nostre case. Questa stagione invernale potrebbe essere speciale per molti aspetti, tra cui i cambiamenti nel mercato dei caminetti elettrici.<\/p>\n\n\n\n<p>Il mercato dei caminetti elettrici sta guadagnando slancio nel 2025 e tra le ultime offerte spiccano i caminetti del marchio Aflamo.<\/p>\n\n\n\n<p>I nuovi modelli di caminetti elettrici PRO offrono una serie di caratteristiche innovative che migliorano l&#8217;esperienza dell&#8217;utente.<\/p>\n\n\n\n<p>Tra i nuovi caminetti elettrici del marchio Aflamo ci sono:<\/p>\n\n\n\n<ul class=\"wp-block-list\"><li><a href=\"https:\/\/www.kominki-elektryczne.pl\/it\/szukaj?controller=search&amp;s=royal+Pro\">Serie di caminetti elettrici Royal PRO<\/a><\/li><\/ul>\n\n\n\n<ul class=\"wp-block-list\"><li><a href=\"https:\/\/www.kominki-elektryczne.pl\/it\/caminetti-elettrici-angolari\/636-camino-elettrico-majestic-36-nero-parete-incasso-aflamo-5907622623226.html\">Serie di caminetti elettrici Majestic PRO<\/a><\/li><\/ul>\n\n\n\n<p>Entrambe le serie ci offrono caminetti elettrici con una variet\u00e0 di funzioni, di cui vi parler\u00f2 nei prossimi post. Ma posso gi\u00e0 dirvi che si tratter\u00e0 di <a href=\"https:\/\/www.kominki-elektryczne.pl\/it\/szukaj?controller=search&amp;s=caminetti+elettrici+con+suono\">caminetti elettrici con suono<\/a>, integrato direttamente nel caminetto.<\/p>\n\n\n\n<p>Questo sar\u00e0 sicuramente l&#8217;HIT di questa stagione, quindi dovreste prendere in considerazione la possibilit\u00e0 di scegliere un modello di caminetto di una di queste serie.<\/p>\n\n\n\n<figure class=\"wp-block-image size-full\"><img loading=\"lazy\" decoding=\"async\" width=\"800\" height=\"495\" src=\"https:\/\/kominki-elektryczne.pl\/blog\/wp-content\/uploads\/2024\/10\/royal-pro-100-11_1-3.jpg\" alt=\"Caminetti elettrici della serie Royal Pro con audio\" class=\"wp-image-807\" srcset=\"https:\/\/kominki-elektryczne.pl\/blog\/wp-content\/uploads\/2024\/10\/royal-pro-100-11_1-3.jpg 800w, https:\/\/kominki-elektryczne.pl\/blog\/wp-content\/uploads\/2024\/10\/royal-pro-100-11_1-3-300x186.jpg 300w, https:\/\/kominki-elektryczne.pl\/blog\/wp-content\/uploads\/2024\/10\/royal-pro-100-11_1-3-768x475.jpg 768w\" sizes=\"auto, (max-width: 800px) 100vw, 800px\" \/><\/figure>\n\n\n\n<figure class=\"wp-block-image size-full\"><img loading=\"lazy\" decoding=\"async\" width=\"800\" height=\"407\" src=\"https:\/\/kominki-elektryczne.pl\/blog\/wp-content\/uploads\/2024\/10\/Majestic_PRO_left_4.jpg\" alt=\"Caminetti elettrici della serie Majestic Pro con audio\" class=\"wp-image-808\" srcset=\"https:\/\/kominki-elektryczne.pl\/blog\/wp-content\/uploads\/2024\/10\/Majestic_PRO_left_4.jpg 800w, https:\/\/kominki-elektryczne.pl\/blog\/wp-content\/uploads\/2024\/10\/Majestic_PRO_left_4-300x153.jpg 300w, https:\/\/kominki-elektryczne.pl\/blog\/wp-content\/uploads\/2024\/10\/Majestic_PRO_left_4-768x391.jpg 768w\" sizes=\"auto, (max-width: 800px) 100vw, 800px\" \/><\/figure>\n\n\n\n<p><meta charset=\"utf-8\">Cosa ne pensate dei nuovi caminetti PRO? <br>Fatecelo sapere nei commenti.<br>Alla prossima!<\/p>\n","protected":false},"excerpt":{"rendered":"<p>Buongiorno! L&#8217;inverno \u00e8 alle porte e le gelate iniziano a fare capolino nelle nostre case. Questa stagione invernale potrebbe essere speciale per molti aspetti, tra cui i cambiamenti nel mercato dei caminetti elettrici. Il mercato dei caminetti elettrici sta guadagnando slancio nel 2025 e tra &hellip; <\/p>\n","protected":false},"author":1,"featured_media":802,"comment_status":"closed","ping_status":"closed","sticky":false,"template":"","format":"standard","meta":{"footnotes":""},"categories":[33],"tags":[566,572,564,568,570,316,310],"class_list":["post-806","post","type-post","status-publish","format-standard","has-post-thumbnail","hentry","category-bez-kategorii-it","tag-caminetti-del-marchio-aflamo","tag-caminetti-elettrici-con-suono","tag-caminetti-elettrici-pro","tag-caminetti-majestic-pro","tag-caminetti-royal-pro","tag-caminetto-a-led","tag-caminetto-elettrico"],"yoast_head":"<!-- This site is optimized with the Yoast SEO plugin v25.7 - https:\/\/yoast.com\/wordpress\/plugins\/seo\/ -->\n<title>Nuovi caminetti elettrici PRO - Innovazioni e tendenze per il 2025 - Kominki-Elektryczne.pl<\/title>\n<meta name=\"robots\" content=\"index, follow, max-snippet:-1, max-image-preview:large, max-video-preview:-1\" \/>\n<link rel=\"canonical\" href=\"https:\/\/kominki-elektryczne.pl\/blog\/it\/2024\/10\/31\/nuovi-caminetti-elettrici-pro-innovazioni-e-tendenze-per-il-2025\/\" \/>\n<meta property=\"og:locale\" content=\"pl_PL\" \/>\n<meta property=\"og:type\" content=\"article\" \/>\n<meta property=\"og:title\" content=\"Nuovi caminetti elettrici PRO - Innovazioni e tendenze per il 2025 - Kominki-Elektryczne.pl\" \/>\n<meta property=\"og:description\" content=\"Buongiorno! L&#8217;inverno \u00e8 alle porte e le gelate iniziano a fare capolino nelle nostre case. Questa stagione invernale potrebbe essere speciale per molti aspetti, tra cui i cambiamenti nel mercato dei caminetti elettrici. Il mercato dei caminetti elettrici sta guadagnando slancio nel 2025 e tra &hellip;\" \/>\n<meta property=\"og:url\" content=\"https:\/\/kominki-elektryczne.pl\/blog\/it\/2024\/10\/31\/nuovi-caminetti-elettrici-pro-innovazioni-e-tendenze-per-il-2025\/\" \/>\n<meta property=\"og:site_name\" content=\"Kominki-Elektryczne.pl\" \/>\n<meta property=\"article:publisher\" content=\"https:\/\/www.facebook.com\/elektrycznekominki\" \/>\n<meta property=\"article:published_time\" content=\"2024-10-31T13:03:13+00:00\" \/>\n<meta property=\"article:modified_time\" content=\"2024-10-31T13:03:15+00:00\" \/>\n<meta property=\"og:image\" content=\"https:\/\/kominki-elektryczne.pl\/blog\/wp-content\/uploads\/2024\/10\/royal-pro-100-11_1.jpg\" \/>\n\t<meta property=\"og:image:width\" content=\"800\" \/>\n\t<meta property=\"og:image:height\" content=\"495\" \/>\n\t<meta property=\"og:image:type\" content=\"image\/jpeg\" \/>\n<meta name=\"author\" content=\"Kominkowy\" \/>\n<meta name=\"twitter:card\" content=\"summary_large_image\" \/>\n<meta name=\"twitter:label1\" content=\"Napisane przez\" \/>\n\t<meta name=\"twitter:data1\" content=\"Kominkowy\" \/>\n\t<meta name=\"twitter:label2\" content=\"Szacowany czas czytania\" \/>\n\t<meta name=\"twitter:data2\" content=\"1 minuta\" \/>\n<script type=\"application\/ld+json\" class=\"yoast-schema-graph\">{\"@context\":\"https:\/\/schema.org\",\"@graph\":[{\"@type\":\"Article\",\"@id\":\"https:\/\/kominki-elektryczne.pl\/blog\/it\/2024\/10\/31\/nuovi-caminetti-elettrici-pro-innovazioni-e-tendenze-per-il-2025\/#article\",\"isPartOf\":{\"@id\":\"https:\/\/kominki-elektryczne.pl\/blog\/it\/2024\/10\/31\/nuovi-caminetti-elettrici-pro-innovazioni-e-tendenze-per-il-2025\/\"},\"author\":{\"name\":\"Kominkowy\",\"@id\":\"https:\/\/kominki-elektryczne.pl\/blog\/#\/schema\/person\/045e7544e3e90364f5f82cc509123089\"},\"headline\":\"Nuovi caminetti elettrici PRO &#8211; Innovazioni e tendenze per il 2025\",\"datePublished\":\"2024-10-31T13:03:13+00:00\",\"dateModified\":\"2024-10-31T13:03:15+00:00\",\"mainEntityOfPage\":{\"@id\":\"https:\/\/kominki-elektryczne.pl\/blog\/it\/2024\/10\/31\/nuovi-caminetti-elettrici-pro-innovazioni-e-tendenze-per-il-2025\/\"},\"wordCount\":174,\"publisher\":{\"@id\":\"https:\/\/kominki-elektryczne.pl\/blog\/#organization\"},\"image\":{\"@id\":\"https:\/\/kominki-elektryczne.pl\/blog\/it\/2024\/10\/31\/nuovi-caminetti-elettrici-pro-innovazioni-e-tendenze-per-il-2025\/#primaryimage\"},\"thumbnailUrl\":\"https:\/\/kominki-elektryczne.pl\/blog\/wp-content\/uploads\/2024\/10\/royal-pro-100-11_1.jpg\",\"keywords\":[\"caminetti del marchio Aflamo\",\"caminetti elettrici con suono\",\"caminetti elettrici PRO\",\"caminetti Majestic Pro\",\"caminetti Royal Pro\",\"caminetto a led\",\"caminetto elettrico\"],\"inLanguage\":\"pl-PL\"},{\"@type\":\"WebPage\",\"@id\":\"https:\/\/kominki-elektryczne.pl\/blog\/it\/2024\/10\/31\/nuovi-caminetti-elettrici-pro-innovazioni-e-tendenze-per-il-2025\/\",\"url\":\"https:\/\/kominki-elektryczne.pl\/blog\/it\/2024\/10\/31\/nuovi-caminetti-elettrici-pro-innovazioni-e-tendenze-per-il-2025\/\",\"name\":\"Nuovi caminetti elettrici PRO - Innovazioni e tendenze per il 2025 - Kominki-Elektryczne.pl\",\"isPartOf\":{\"@id\":\"https:\/\/kominki-elektryczne.pl\/blog\/#website\"},\"primaryImageOfPage\":{\"@id\":\"https:\/\/kominki-elektryczne.pl\/blog\/it\/2024\/10\/31\/nuovi-caminetti-elettrici-pro-innovazioni-e-tendenze-per-il-2025\/#primaryimage\"},\"image\":{\"@id\":\"https:\/\/kominki-elektryczne.pl\/blog\/it\/2024\/10\/31\/nuovi-caminetti-elettrici-pro-innovazioni-e-tendenze-per-il-2025\/#primaryimage\"},\"thumbnailUrl\":\"https:\/\/kominki-elektryczne.pl\/blog\/wp-content\/uploads\/2024\/10\/royal-pro-100-11_1.jpg\",\"datePublished\":\"2024-10-31T13:03:13+00:00\",\"dateModified\":\"2024-10-31T13:03:15+00:00\",\"breadcrumb\":{\"@id\":\"https:\/\/kominki-elektryczne.pl\/blog\/it\/2024\/10\/31\/nuovi-caminetti-elettrici-pro-innovazioni-e-tendenze-per-il-2025\/#breadcrumb\"},\"inLanguage\":\"pl-PL\",\"potentialAction\":[{\"@type\":\"ReadAction\",\"target\":[\"https:\/\/kominki-elektryczne.pl\/blog\/it\/2024\/10\/31\/nuovi-caminetti-elettrici-pro-innovazioni-e-tendenze-per-il-2025\/\"]}]},{\"@type\":\"ImageObject\",\"inLanguage\":\"pl-PL\",\"@id\":\"https:\/\/kominki-elektryczne.pl\/blog\/it\/2024\/10\/31\/nuovi-caminetti-elettrici-pro-innovazioni-e-tendenze-per-il-2025\/#primaryimage\",\"url\":\"https:\/\/kominki-elektryczne.pl\/blog\/wp-content\/uploads\/2024\/10\/royal-pro-100-11_1.jpg\",\"contentUrl\":\"https:\/\/kominki-elektryczne.pl\/blog\/wp-content\/uploads\/2024\/10\/royal-pro-100-11_1.jpg\",\"width\":800,\"height\":495},{\"@type\":\"BreadcrumbList\",\"@id\":\"https:\/\/kominki-elektryczne.pl\/blog\/it\/2024\/10\/31\/nuovi-caminetti-elettrici-pro-innovazioni-e-tendenze-per-il-2025\/#breadcrumb\",\"itemListElement\":[{\"@type\":\"ListItem\",\"position\":1,\"name\":\"Strona g\u0142\u00f3wna\",\"item\":\"https:\/\/kominki-elektryczne.pl\/blog\/\"},{\"@type\":\"ListItem\",\"position\":2,\"name\":\"Nuovi caminetti elettrici PRO &#8211; Innovazioni e tendenze per il 2025\"}]},{\"@type\":\"WebSite\",\"@id\":\"https:\/\/kominki-elektryczne.pl\/blog\/#website\",\"url\":\"https:\/\/kominki-elektryczne.pl\/blog\/\",\"name\":\"Kominki-Elektryczne.pl\",\"description\":\"Opisy - Porady - Recenzje\",\"publisher\":{\"@id\":\"https:\/\/kominki-elektryczne.pl\/blog\/#organization\"},\"potentialAction\":[{\"@type\":\"SearchAction\",\"target\":{\"@type\":\"EntryPoint\",\"urlTemplate\":\"https:\/\/kominki-elektryczne.pl\/blog\/?s={search_term_string}\"},\"query-input\":{\"@type\":\"PropertyValueSpecification\",\"valueRequired\":true,\"valueName\":\"search_term_string\"}}],\"inLanguage\":\"pl-PL\"},{\"@type\":\"Organization\",\"@id\":\"https:\/\/kominki-elektryczne.pl\/blog\/#organization\",\"name\":\"Kominki-Elektryczne.pl\",\"url\":\"https:\/\/kominki-elektryczne.pl\/blog\/\",\"logo\":{\"@type\":\"ImageObject\",\"inLanguage\":\"pl-PL\",\"@id\":\"https:\/\/kominki-elektryczne.pl\/blog\/#\/schema\/logo\/image\/\",\"url\":\"https:\/\/kominki-elektryczne.pl\/blog\/wp-content\/uploads\/2025\/04\/cropped-LogoAflamo.jpg\",\"contentUrl\":\"https:\/\/kominki-elektryczne.pl\/blog\/wp-content\/uploads\/2025\/04\/cropped-LogoAflamo.jpg\",\"width\":200,\"height\":58,\"caption\":\"Kominki-Elektryczne.pl\"},\"image\":{\"@id\":\"https:\/\/kominki-elektryczne.pl\/blog\/#\/schema\/logo\/image\/\"},\"sameAs\":[\"https:\/\/www.facebook.com\/elektrycznekominki\"]},{\"@type\":\"Person\",\"@id\":\"https:\/\/kominki-elektryczne.pl\/blog\/#\/schema\/person\/045e7544e3e90364f5f82cc509123089\",\"name\":\"Kominkowy\",\"image\":{\"@type\":\"ImageObject\",\"inLanguage\":\"pl-PL\",\"@id\":\"https:\/\/kominki-elektryczne.pl\/blog\/#\/schema\/person\/image\/\",\"url\":\"https:\/\/secure.gravatar.com\/avatar\/8c15720599195e8ba4119df2db28ce7e?s=96&d=mm&r=g\",\"contentUrl\":\"https:\/\/secure.gravatar.com\/avatar\/8c15720599195e8ba4119df2db28ce7e?s=96&d=mm&r=g\",\"caption\":\"Kominkowy\"},\"sameAs\":[\"http:\/\/www.kominki-elektryczne.pl\"],\"url\":\"https:\/\/kominki-elektryczne.pl\/blog\/author\/led-handel\/\"}]}<\/script>\n<!-- \/ Yoast SEO plugin. -->","yoast_head_json":{"title":"Nuovi caminetti elettrici PRO - Innovazioni e tendenze per il 2025 - Kominki-Elektryczne.pl","robots":{"index":"index","follow":"follow","max-snippet":"max-snippet:-1","max-image-preview":"max-image-preview:large","max-video-preview":"max-video-preview:-1"},"canonical":"https:\/\/kominki-elektryczne.pl\/blog\/it\/2024\/10\/31\/nuovi-caminetti-elettrici-pro-innovazioni-e-tendenze-per-il-2025\/","og_locale":"pl_PL","og_type":"article","og_title":"Nuovi caminetti elettrici PRO - Innovazioni e tendenze per il 2025 - Kominki-Elektryczne.pl","og_description":"Buongiorno! L&#8217;inverno \u00e8 alle porte e le gelate iniziano a fare capolino nelle nostre case. Questa stagione invernale potrebbe essere speciale per molti aspetti, tra cui i cambiamenti nel mercato dei caminetti elettrici. Il mercato dei caminetti elettrici sta guadagnando slancio nel 2025 e tra &hellip;","og_url":"https:\/\/kominki-elektryczne.pl\/blog\/it\/2024\/10\/31\/nuovi-caminetti-elettrici-pro-innovazioni-e-tendenze-per-il-2025\/","og_site_name":"Kominki-Elektryczne.pl","article_publisher":"https:\/\/www.facebook.com\/elektrycznekominki","article_published_time":"2024-10-31T13:03:13+00:00","article_modified_time":"2024-10-31T13:03:15+00:00","og_image":[{"width":800,"height":495,"url":"https:\/\/kominki-elektryczne.pl\/blog\/wp-content\/uploads\/2024\/10\/royal-pro-100-11_1.jpg","type":"image\/jpeg"}],"author":"Kominkowy","twitter_card":"summary_large_image","twitter_misc":{"Napisane przez":"Kominkowy","Szacowany czas czytania":"1 minuta"},"schema":{"@context":"https:\/\/schema.org","@graph":[{"@type":"Article","@id":"https:\/\/kominki-elektryczne.pl\/blog\/it\/2024\/10\/31\/nuovi-caminetti-elettrici-pro-innovazioni-e-tendenze-per-il-2025\/#article","isPartOf":{"@id":"https:\/\/kominki-elektryczne.pl\/blog\/it\/2024\/10\/31\/nuovi-caminetti-elettrici-pro-innovazioni-e-tendenze-per-il-2025\/"},"author":{"name":"Kominkowy","@id":"https:\/\/kominki-elektryczne.pl\/blog\/#\/schema\/person\/045e7544e3e90364f5f82cc509123089"},"headline":"Nuovi caminetti elettrici PRO &#8211; Innovazioni e tendenze per il 2025","datePublished":"2024-10-31T13:03:13+00:00","dateModified":"2024-10-31T13:03:15+00:00","mainEntityOfPage":{"@id":"https:\/\/kominki-elektryczne.pl\/blog\/it\/2024\/10\/31\/nuovi-caminetti-elettrici-pro-innovazioni-e-tendenze-per-il-2025\/"},"wordCount":174,"publisher":{"@id":"https:\/\/kominki-elektryczne.pl\/blog\/#organization"},"image":{"@id":"https:\/\/kominki-elektryczne.pl\/blog\/it\/2024\/10\/31\/nuovi-caminetti-elettrici-pro-innovazioni-e-tendenze-per-il-2025\/#primaryimage"},"thumbnailUrl":"https:\/\/kominki-elektryczne.pl\/blog\/wp-content\/uploads\/2024\/10\/royal-pro-100-11_1.jpg","keywords":["caminetti del marchio Aflamo","caminetti elettrici con suono","caminetti elettrici PRO","caminetti Majestic Pro","caminetti Royal Pro","caminetto a led","caminetto elettrico"],"inLanguage":"pl-PL"},{"@type":"WebPage","@id":"https:\/\/kominki-elektryczne.pl\/blog\/it\/2024\/10\/31\/nuovi-caminetti-elettrici-pro-innovazioni-e-tendenze-per-il-2025\/","url":"https:\/\/kominki-elektryczne.pl\/blog\/it\/2024\/10\/31\/nuovi-caminetti-elettrici-pro-innovazioni-e-tendenze-per-il-2025\/","name":"Nuovi caminetti elettrici PRO - Innovazioni e tendenze per il 2025 - Kominki-Elektryczne.pl","isPartOf":{"@id":"https:\/\/kominki-elektryczne.pl\/blog\/#website"},"primaryImageOfPage":{"@id":"https:\/\/kominki-elektryczne.pl\/blog\/it\/2024\/10\/31\/nuovi-caminetti-elettrici-pro-innovazioni-e-tendenze-per-il-2025\/#primaryimage"},"image":{"@id":"https:\/\/kominki-elektryczne.pl\/blog\/it\/2024\/10\/31\/nuovi-caminetti-elettrici-pro-innovazioni-e-tendenze-per-il-2025\/#primaryimage"},"thumbnailUrl":"https:\/\/kominki-elektryczne.pl\/blog\/wp-content\/uploads\/2024\/10\/royal-pro-100-11_1.jpg","datePublished":"2024-10-31T13:03:13+00:00","dateModified":"2024-10-31T13:03:15+00:00","breadcrumb":{"@id":"https:\/\/kominki-elektryczne.pl\/blog\/it\/2024\/10\/31\/nuovi-caminetti-elettrici-pro-innovazioni-e-tendenze-per-il-2025\/#breadcrumb"},"inLanguage":"pl-PL","potentialAction":[{"@type":"ReadAction","target":["https:\/\/kominki-elektryczne.pl\/blog\/it\/2024\/10\/31\/nuovi-caminetti-elettrici-pro-innovazioni-e-tendenze-per-il-2025\/"]}]},{"@type":"ImageObject","inLanguage":"pl-PL","@id":"https:\/\/kominki-elektryczne.pl\/blog\/it\/2024\/10\/31\/nuovi-caminetti-elettrici-pro-innovazioni-e-tendenze-per-il-2025\/#primaryimage","url":"https:\/\/kominki-elektryczne.pl\/blog\/wp-content\/uploads\/2024\/10\/royal-pro-100-11_1.jpg","contentUrl":"https:\/\/kominki-elektryczne.pl\/blog\/wp-content\/uploads\/2024\/10\/royal-pro-100-11_1.jpg","width":800,"height":495},{"@type":"BreadcrumbList","@id":"https:\/\/kominki-elektryczne.pl\/blog\/it\/2024\/10\/31\/nuovi-caminetti-elettrici-pro-innovazioni-e-tendenze-per-il-2025\/#breadcrumb","itemListElement":[{"@type":"ListItem","position":1,"name":"Strona g\u0142\u00f3wna","item":"https:\/\/kominki-elektryczne.pl\/blog\/"},{"@type":"ListItem","position":2,"name":"Nuovi caminetti elettrici PRO &#8211; Innovazioni e tendenze per il 2025"}]},{"@type":"WebSite","@id":"https:\/\/kominki-elektryczne.pl\/blog\/#website","url":"https:\/\/kominki-elektryczne.pl\/blog\/","name":"Kominki-Elektryczne.pl","description":"Opisy - Porady - Recenzje","publisher":{"@id":"https:\/\/kominki-elektryczne.pl\/blog\/#organization"},"potentialAction":[{"@type":"SearchAction","target":{"@type":"EntryPoint","urlTemplate":"https:\/\/kominki-elektryczne.pl\/blog\/?s={search_term_string}"},"query-input":{"@type":"PropertyValueSpecification","valueRequired":true,"valueName":"search_term_string"}}],"inLanguage":"pl-PL"},{"@type":"Organization","@id":"https:\/\/kominki-elektryczne.pl\/blog\/#organization","name":"Kominki-Elektryczne.pl","url":"https:\/\/kominki-elektryczne.pl\/blog\/","logo":{"@type":"ImageObject","inLanguage":"pl-PL","@id":"https:\/\/kominki-elektryczne.pl\/blog\/#\/schema\/logo\/image\/","url":"https:\/\/kominki-elektryczne.pl\/blog\/wp-content\/uploads\/2025\/04\/cropped-LogoAflamo.jpg","contentUrl":"https:\/\/kominki-elektryczne.pl\/blog\/wp-content\/uploads\/2025\/04\/cropped-LogoAflamo.jpg","width":200,"height":58,"caption":"Kominki-Elektryczne.pl"},"image":{"@id":"https:\/\/kominki-elektryczne.pl\/blog\/#\/schema\/logo\/image\/"},"sameAs":["https:\/\/www.facebook.com\/elektrycznekominki"]},{"@type":"Person","@id":"https:\/\/kominki-elektryczne.pl\/blog\/#\/schema\/person\/045e7544e3e90364f5f82cc509123089","name":"Kominkowy","image":{"@type":"ImageObject","inLanguage":"pl-PL","@id":"https:\/\/kominki-elektryczne.pl\/blog\/#\/schema\/person\/image\/","url":"https:\/\/secure.gravatar.com\/avatar\/8c15720599195e8ba4119df2db28ce7e?s=96&d=mm&r=g","contentUrl":"https:\/\/secure.gravatar.com\/avatar\/8c15720599195e8ba4119df2db28ce7e?s=96&d=mm&r=g","caption":"Kominkowy"},"sameAs":["http:\/\/www.kominki-elektryczne.pl"],"url":"https:\/\/kominki-elektryczne.pl\/blog\/author\/led-handel\/"}]}},"_links":{"self":[{"href":"https:\/\/kominki-elektryczne.pl\/blog\/wp-json\/wp\/v2\/posts\/806","targetHints":{"allow":["GET"]}}],"collection":[{"href":"https:\/\/kominki-elektryczne.pl\/blog\/wp-json\/wp\/v2\/posts"}],"about":[{"href":"https:\/\/kominki-elektryczne.pl\/blog\/wp-json\/wp\/v2\/types\/post"}],"author":[{"embeddable":true,"href":"https:\/\/kominki-elektryczne.pl\/blog\/wp-json\/wp\/v2\/users\/1"}],"replies":[{"embeddable":true,"href":"https:\/\/kominki-elektryczne.pl\/blog\/wp-json\/wp\/v2\/comments?post=806"}],"version-history":[{"count":1,"href":"https:\/\/kominki-elektryczne.pl\/blog\/wp-json\/wp\/v2\/posts\/806\/revisions"}],"predecessor-version":[{"id":809,"href":"https:\/\/kominki-elektryczne.pl\/blog\/wp-json\/wp\/v2\/posts\/806\/revisions\/809"}],"wp:featuredmedia":[{"embeddable":true,"href":"https:\/\/kominki-elektryczne.pl\/blog\/wp-json\/wp\/v2\/media\/802"}],"wp:attachment":[{"href":"https:\/\/kominki-elektryczne.pl\/blog\/wp-json\/wp\/v2\/media?parent=806"}],"wp:term":[{"taxonomy":"category","embeddable":true,"href":"https:\/\/kominki-elektryczne.pl\/blog\/wp-json\/wp\/v2\/categories?post=806"},{"taxonomy":"post_tag","embeddable":true,"href":"https:\/\/kominki-elektryczne.pl\/blog\/wp-json\/wp\/v2\/tags?post=806"}],"curies":[{"name":"wp","href":"https:\/\/api.w.org\/{rel}","templated":true}]}}