{"id":810,"date":"2024-10-31T14:08:29","date_gmt":"2024-10-31T13:08:29","guid":{"rendered":"https:\/\/kominki-elektryczne.pl\/blog\/?p=810"},"modified":"2024-10-31T14:16:28","modified_gmt":"2024-10-31T13:16:28","slug":"nuevas-chimeneas-electricas-pro-innovaciones-y-tendencias-para-2025","status":"publish","type":"post","link":"https:\/\/kominki-elektryczne.pl\/blog\/es\/2024\/10\/31\/nuevas-chimeneas-electricas-pro-innovaciones-y-tendencias-para-2025\/","title":{"rendered":"Nuevas Chimeneas El\u00e9ctricas PRO &#8211; Innovaciones y Tendencias para 2025"},"content":{"rendered":"\n<p>Buenos d\u00edas<\/p>\n\n\n\n<p>El invierno est\u00e1 a la vuelta de la esquina y las heladas empiezan a asomar en nuestros hogares. Esta temporada invernal puede ser especial en muchos aspectos, entre ellos los cambios en el mercado de las chimeneas el\u00e9ctricas.<\/p>\n\n\n\n<p>El mercado de las chimeneas el\u00e9ctricas est\u00e1 ganando impulso en 2025, y entre las \u00faltimas ofertas destacan las chimeneas de la marca Aflamo.<\/p>\n\n\n\n<p>Los nuevos modelos de chimeneas el\u00e9ctricas PRO ofrecen una serie de caracter\u00edsticas innovadoras que mejoran la experiencia del usuario.<\/p>\n\n\n\n<p>Entre las nuevas chimeneas el\u00e9ctricas de la marca Aflamo se encuentran:<\/p>\n\n\n\n<ul class=\"wp-block-list\"><li><a href=\"https:\/\/www.kominki-elektryczne.pl\/es\/szukaj?controller=search&amp;s=royal+pro\">Serie de chimeneas el\u00e9ctricas Royal PRO<\/a><\/li><\/ul>\n\n\n\n<ul class=\"wp-block-list\"><li><a href=\"https:\/\/www.kominki-elektryczne.pl\/es\/chimeneas-de-esquina-led\/633-chimenea-electrica-majestic-36-negro-pared-empotrable-aflamo-5907622623226.html\">Serie de chimeneas el\u00e9ctricas Royal PRO<\/a><\/li><\/ul>\n\n\n\n<p>Ambas series nos traen chimeneas el\u00e9ctricas con una gran variedad de prestaciones, de las que os hablar\u00e9 en pr\u00f3ximos posts. Pero ya os puedo adelantar que ser\u00e1n chimeneas el\u00e9ctricas con sonido, incorporado directamente en la chimenea.<\/p>\n\n\n\n<p>Sin duda ser\u00e1 el HIT de esta temporada, as\u00ed que deber\u00edas plantearte elegir un modelo de chimenea de una de estas series.<\/p>\n\n\n\n<figure class=\"wp-block-image size-full\"><img loading=\"lazy\" decoding=\"async\" width=\"800\" height=\"495\" src=\"https:\/\/kominki-elektryczne.pl\/blog\/wp-content\/uploads\/2024\/10\/royal-pro-100-11_1-4.jpg\" alt=\"Chimeneas el\u00e9ctricas de la serie Royal Pro con sonido\" class=\"wp-image-811\" srcset=\"https:\/\/kominki-elektryczne.pl\/blog\/wp-content\/uploads\/2024\/10\/royal-pro-100-11_1-4.jpg 800w, https:\/\/kominki-elektryczne.pl\/blog\/wp-content\/uploads\/2024\/10\/royal-pro-100-11_1-4-300x186.jpg 300w, https:\/\/kominki-elektryczne.pl\/blog\/wp-content\/uploads\/2024\/10\/royal-pro-100-11_1-4-768x475.jpg 768w\" sizes=\"auto, (max-width: 800px) 100vw, 800px\" \/><\/figure>\n\n\n\n<figure class=\"wp-block-image size-full\"><img loading=\"lazy\" decoding=\"async\" width=\"800\" height=\"407\" src=\"https:\/\/kominki-elektryczne.pl\/blog\/wp-content\/uploads\/2024\/10\/Majestic_PRO_left_4-1.jpg\" alt=\"Chimeneas el\u00e9ctricas de la serie Majestic Pro con sonido\" class=\"wp-image-812\" srcset=\"https:\/\/kominki-elektryczne.pl\/blog\/wp-content\/uploads\/2024\/10\/Majestic_PRO_left_4-1.jpg 800w, https:\/\/kominki-elektryczne.pl\/blog\/wp-content\/uploads\/2024\/10\/Majestic_PRO_left_4-1-300x153.jpg 300w, https:\/\/kominki-elektryczne.pl\/blog\/wp-content\/uploads\/2024\/10\/Majestic_PRO_left_4-1-768x391.jpg 768w\" sizes=\"auto, (max-width: 800px) 100vw, 800px\" \/><\/figure>\n\n\n\n<p><meta charset=\"utf-8\">\u00bfQu\u00e9 le parecen las nuevas chimeneas PRO? <br>H\u00e1znoslo saber en los comentarios.<br>\u00a1Hasta la pr\u00f3xima!<\/p>\n","protected":false},"excerpt":{"rendered":"<p>Buenos d\u00edas El invierno est\u00e1 a la vuelta de la esquina y las heladas empiezan a asomar en nuestros hogares. Esta temporada invernal puede ser especial en muchos aspectos, entre ellos los cambios en el mercado de las chimeneas el\u00e9ctricas. El mercado de las chimeneas &hellip; <\/p>\n","protected":false},"author":1,"featured_media":802,"comment_status":"closed","ping_status":"closed","sticky":false,"template":"","format":"standard","meta":{"footnotes":""},"categories":[29],"tags":[581,579,577,575],"class_list":["post-810","post","type-post","status-publish","format-standard","has-post-thumbnail","hentry","category-bez-kategorii-es","tag-chimeneas-electricas-aflamo","tag-chimeneas-electricas-con-sonido","tag-chimeneas-electricas-majestic-pro","tag-chimeneas-electricas-royal-pro"],"yoast_head":"<!-- This site is optimized with the Yoast SEO plugin v25.7 - https:\/\/yoast.com\/wordpress\/plugins\/seo\/ -->\n<title>Nuevas Chimeneas El\u00e9ctricas PRO - Innovaciones y Tendencias para 2025 - Kominki-Elektryczne.pl<\/title>\n<meta name=\"robots\" content=\"index, follow, max-snippet:-1, max-image-preview:large, max-video-preview:-1\" \/>\n<link rel=\"canonical\" href=\"https:\/\/kominki-elektryczne.pl\/blog\/es\/2024\/10\/31\/nuevas-chimeneas-electricas-pro-innovaciones-y-tendencias-para-2025\/\" \/>\n<meta property=\"og:locale\" content=\"pl_PL\" \/>\n<meta property=\"og:type\" content=\"article\" \/>\n<meta property=\"og:title\" content=\"Nuevas Chimeneas El\u00e9ctricas PRO - Innovaciones y Tendencias para 2025 - Kominki-Elektryczne.pl\" \/>\n<meta property=\"og:description\" content=\"Buenos d\u00edas El invierno est\u00e1 a la vuelta de la esquina y las heladas empiezan a asomar en nuestros hogares. Esta temporada invernal puede ser especial en muchos aspectos, entre ellos los cambios en el mercado de las chimeneas el\u00e9ctricas. El mercado de las chimeneas &hellip;\" \/>\n<meta property=\"og:url\" content=\"https:\/\/kominki-elektryczne.pl\/blog\/es\/2024\/10\/31\/nuevas-chimeneas-electricas-pro-innovaciones-y-tendencias-para-2025\/\" \/>\n<meta property=\"og:site_name\" content=\"Kominki-Elektryczne.pl\" \/>\n<meta property=\"article:publisher\" content=\"https:\/\/www.facebook.com\/elektrycznekominki\" \/>\n<meta property=\"article:published_time\" content=\"2024-10-31T13:08:29+00:00\" \/>\n<meta property=\"article:modified_time\" content=\"2024-10-31T13:16:28+00:00\" \/>\n<meta property=\"og:image\" content=\"https:\/\/kominki-elektryczne.pl\/blog\/wp-content\/uploads\/2024\/10\/royal-pro-100-11_1.jpg\" \/>\n\t<meta property=\"og:image:width\" content=\"800\" \/>\n\t<meta property=\"og:image:height\" content=\"495\" \/>\n\t<meta property=\"og:image:type\" content=\"image\/jpeg\" \/>\n<meta name=\"author\" content=\"Kominkowy\" \/>\n<meta name=\"twitter:card\" content=\"summary_large_image\" \/>\n<meta name=\"twitter:label1\" content=\"Napisane przez\" \/>\n\t<meta name=\"twitter:data1\" content=\"Kominkowy\" \/>\n\t<meta name=\"twitter:label2\" content=\"Szacowany czas czytania\" \/>\n\t<meta name=\"twitter:data2\" content=\"1 minuta\" \/>\n<script type=\"application\/ld+json\" class=\"yoast-schema-graph\">{\"@context\":\"https:\/\/schema.org\",\"@graph\":[{\"@type\":\"Article\",\"@id\":\"https:\/\/kominki-elektryczne.pl\/blog\/es\/2024\/10\/31\/nuevas-chimeneas-electricas-pro-innovaciones-y-tendencias-para-2025\/#article\",\"isPartOf\":{\"@id\":\"https:\/\/kominki-elektryczne.pl\/blog\/es\/2024\/10\/31\/nuevas-chimeneas-electricas-pro-innovaciones-y-tendencias-para-2025\/\"},\"author\":{\"name\":\"Kominkowy\",\"@id\":\"https:\/\/kominki-elektryczne.pl\/blog\/#\/schema\/person\/045e7544e3e90364f5f82cc509123089\"},\"headline\":\"Nuevas Chimeneas El\u00e9ctricas PRO &#8211; Innovaciones y Tendencias para 2025\",\"datePublished\":\"2024-10-31T13:08:29+00:00\",\"dateModified\":\"2024-10-31T13:16:28+00:00\",\"mainEntityOfPage\":{\"@id\":\"https:\/\/kominki-elektryczne.pl\/blog\/es\/2024\/10\/31\/nuevas-chimeneas-electricas-pro-innovaciones-y-tendencias-para-2025\/\"},\"wordCount\":202,\"publisher\":{\"@id\":\"https:\/\/kominki-elektryczne.pl\/blog\/#organization\"},\"image\":{\"@id\":\"https:\/\/kominki-elektryczne.pl\/blog\/es\/2024\/10\/31\/nuevas-chimeneas-electricas-pro-innovaciones-y-tendencias-para-2025\/#primaryimage\"},\"thumbnailUrl\":\"https:\/\/kominki-elektryczne.pl\/blog\/wp-content\/uploads\/2024\/10\/royal-pro-100-11_1.jpg\",\"keywords\":[\"Chimeneas el\u00e9ctricas aflamo\",\"chimeneas el\u00e9ctricas con sonido\",\"chimeneas el\u00e9ctricas Majestic Pro\",\"chimeneas el\u00e9ctricas Royal Pro\"],\"inLanguage\":\"pl-PL\"},{\"@type\":\"WebPage\",\"@id\":\"https:\/\/kominki-elektryczne.pl\/blog\/es\/2024\/10\/31\/nuevas-chimeneas-electricas-pro-innovaciones-y-tendencias-para-2025\/\",\"url\":\"https:\/\/kominki-elektryczne.pl\/blog\/es\/2024\/10\/31\/nuevas-chimeneas-electricas-pro-innovaciones-y-tendencias-para-2025\/\",\"name\":\"Nuevas Chimeneas El\u00e9ctricas PRO - Innovaciones y Tendencias para 2025 - Kominki-Elektryczne.pl\",\"isPartOf\":{\"@id\":\"https:\/\/kominki-elektryczne.pl\/blog\/#website\"},\"primaryImageOfPage\":{\"@id\":\"https:\/\/kominki-elektryczne.pl\/blog\/es\/2024\/10\/31\/nuevas-chimeneas-electricas-pro-innovaciones-y-tendencias-para-2025\/#primaryimage\"},\"image\":{\"@id\":\"https:\/\/kominki-elektryczne.pl\/blog\/es\/2024\/10\/31\/nuevas-chimeneas-electricas-pro-innovaciones-y-tendencias-para-2025\/#primaryimage\"},\"thumbnailUrl\":\"https:\/\/kominki-elektryczne.pl\/blog\/wp-content\/uploads\/2024\/10\/royal-pro-100-11_1.jpg\",\"datePublished\":\"2024-10-31T13:08:29+00:00\",\"dateModified\":\"2024-10-31T13:16:28+00:00\",\"breadcrumb\":{\"@id\":\"https:\/\/kominki-elektryczne.pl\/blog\/es\/2024\/10\/31\/nuevas-chimeneas-electricas-pro-innovaciones-y-tendencias-para-2025\/#breadcrumb\"},\"inLanguage\":\"pl-PL\",\"potentialAction\":[{\"@type\":\"ReadAction\",\"target\":[\"https:\/\/kominki-elektryczne.pl\/blog\/es\/2024\/10\/31\/nuevas-chimeneas-electricas-pro-innovaciones-y-tendencias-para-2025\/\"]}]},{\"@type\":\"ImageObject\",\"inLanguage\":\"pl-PL\",\"@id\":\"https:\/\/kominki-elektryczne.pl\/blog\/es\/2024\/10\/31\/nuevas-chimeneas-electricas-pro-innovaciones-y-tendencias-para-2025\/#primaryimage\",\"url\":\"https:\/\/kominki-elektryczne.pl\/blog\/wp-content\/uploads\/2024\/10\/royal-pro-100-11_1.jpg\",\"contentUrl\":\"https:\/\/kominki-elektryczne.pl\/blog\/wp-content\/uploads\/2024\/10\/royal-pro-100-11_1.jpg\",\"width\":800,\"height\":495},{\"@type\":\"BreadcrumbList\",\"@id\":\"https:\/\/kominki-elektryczne.pl\/blog\/es\/2024\/10\/31\/nuevas-chimeneas-electricas-pro-innovaciones-y-tendencias-para-2025\/#breadcrumb\",\"itemListElement\":[{\"@type\":\"ListItem\",\"position\":1,\"name\":\"Strona g\u0142\u00f3wna\",\"item\":\"https:\/\/kominki-elektryczne.pl\/blog\/\"},{\"@type\":\"ListItem\",\"position\":2,\"name\":\"Nuevas Chimeneas El\u00e9ctricas PRO &#8211; Innovaciones y Tendencias para 2025\"}]},{\"@type\":\"WebSite\",\"@id\":\"https:\/\/kominki-elektryczne.pl\/blog\/#website\",\"url\":\"https:\/\/kominki-elektryczne.pl\/blog\/\",\"name\":\"Kominki-Elektryczne.pl\",\"description\":\"Opisy - Porady - Recenzje\",\"publisher\":{\"@id\":\"https:\/\/kominki-elektryczne.pl\/blog\/#organization\"},\"potentialAction\":[{\"@type\":\"SearchAction\",\"target\":{\"@type\":\"EntryPoint\",\"urlTemplate\":\"https:\/\/kominki-elektryczne.pl\/blog\/?s={search_term_string}\"},\"query-input\":{\"@type\":\"PropertyValueSpecification\",\"valueRequired\":true,\"valueName\":\"search_term_string\"}}],\"inLanguage\":\"pl-PL\"},{\"@type\":\"Organization\",\"@id\":\"https:\/\/kominki-elektryczne.pl\/blog\/#organization\",\"name\":\"Kominki-Elektryczne.pl\",\"url\":\"https:\/\/kominki-elektryczne.pl\/blog\/\",\"logo\":{\"@type\":\"ImageObject\",\"inLanguage\":\"pl-PL\",\"@id\":\"https:\/\/kominki-elektryczne.pl\/blog\/#\/schema\/logo\/image\/\",\"url\":\"https:\/\/kominki-elektryczne.pl\/blog\/wp-content\/uploads\/2025\/04\/cropped-LogoAflamo.jpg\",\"contentUrl\":\"https:\/\/kominki-elektryczne.pl\/blog\/wp-content\/uploads\/2025\/04\/cropped-LogoAflamo.jpg\",\"width\":200,\"height\":58,\"caption\":\"Kominki-Elektryczne.pl\"},\"image\":{\"@id\":\"https:\/\/kominki-elektryczne.pl\/blog\/#\/schema\/logo\/image\/\"},\"sameAs\":[\"https:\/\/www.facebook.com\/elektrycznekominki\"]},{\"@type\":\"Person\",\"@id\":\"https:\/\/kominki-elektryczne.pl\/blog\/#\/schema\/person\/045e7544e3e90364f5f82cc509123089\",\"name\":\"Kominkowy\",\"image\":{\"@type\":\"ImageObject\",\"inLanguage\":\"pl-PL\",\"@id\":\"https:\/\/kominki-elektryczne.pl\/blog\/#\/schema\/person\/image\/\",\"url\":\"https:\/\/secure.gravatar.com\/avatar\/8c15720599195e8ba4119df2db28ce7e?s=96&d=mm&r=g\",\"contentUrl\":\"https:\/\/secure.gravatar.com\/avatar\/8c15720599195e8ba4119df2db28ce7e?s=96&d=mm&r=g\",\"caption\":\"Kominkowy\"},\"sameAs\":[\"http:\/\/www.kominki-elektryczne.pl\"],\"url\":\"https:\/\/kominki-elektryczne.pl\/blog\/author\/led-handel\/\"}]}<\/script>\n<!-- \/ Yoast SEO plugin. -->","yoast_head_json":{"title":"Nuevas Chimeneas El\u00e9ctricas PRO - Innovaciones y Tendencias para 2025 - Kominki-Elektryczne.pl","robots":{"index":"index","follow":"follow","max-snippet":"max-snippet:-1","max-image-preview":"max-image-preview:large","max-video-preview":"max-video-preview:-1"},"canonical":"https:\/\/kominki-elektryczne.pl\/blog\/es\/2024\/10\/31\/nuevas-chimeneas-electricas-pro-innovaciones-y-tendencias-para-2025\/","og_locale":"pl_PL","og_type":"article","og_title":"Nuevas Chimeneas El\u00e9ctricas PRO - Innovaciones y Tendencias para 2025 - Kominki-Elektryczne.pl","og_description":"Buenos d\u00edas El invierno est\u00e1 a la vuelta de la esquina y las heladas empiezan a asomar en nuestros hogares. Esta temporada invernal puede ser especial en muchos aspectos, entre ellos los cambios en el mercado de las chimeneas el\u00e9ctricas. El mercado de las chimeneas &hellip;","og_url":"https:\/\/kominki-elektryczne.pl\/blog\/es\/2024\/10\/31\/nuevas-chimeneas-electricas-pro-innovaciones-y-tendencias-para-2025\/","og_site_name":"Kominki-Elektryczne.pl","article_publisher":"https:\/\/www.facebook.com\/elektrycznekominki","article_published_time":"2024-10-31T13:08:29+00:00","article_modified_time":"2024-10-31T13:16:28+00:00","og_image":[{"width":800,"height":495,"url":"https:\/\/kominki-elektryczne.pl\/blog\/wp-content\/uploads\/2024\/10\/royal-pro-100-11_1.jpg","type":"image\/jpeg"}],"author":"Kominkowy","twitter_card":"summary_large_image","twitter_misc":{"Napisane przez":"Kominkowy","Szacowany czas czytania":"1 minuta"},"schema":{"@context":"https:\/\/schema.org","@graph":[{"@type":"Article","@id":"https:\/\/kominki-elektryczne.pl\/blog\/es\/2024\/10\/31\/nuevas-chimeneas-electricas-pro-innovaciones-y-tendencias-para-2025\/#article","isPartOf":{"@id":"https:\/\/kominki-elektryczne.pl\/blog\/es\/2024\/10\/31\/nuevas-chimeneas-electricas-pro-innovaciones-y-tendencias-para-2025\/"},"author":{"name":"Kominkowy","@id":"https:\/\/kominki-elektryczne.pl\/blog\/#\/schema\/person\/045e7544e3e90364f5f82cc509123089"},"headline":"Nuevas Chimeneas El\u00e9ctricas PRO &#8211; Innovaciones y Tendencias para 2025","datePublished":"2024-10-31T13:08:29+00:00","dateModified":"2024-10-31T13:16:28+00:00","mainEntityOfPage":{"@id":"https:\/\/kominki-elektryczne.pl\/blog\/es\/2024\/10\/31\/nuevas-chimeneas-electricas-pro-innovaciones-y-tendencias-para-2025\/"},"wordCount":202,"publisher":{"@id":"https:\/\/kominki-elektryczne.pl\/blog\/#organization"},"image":{"@id":"https:\/\/kominki-elektryczne.pl\/blog\/es\/2024\/10\/31\/nuevas-chimeneas-electricas-pro-innovaciones-y-tendencias-para-2025\/#primaryimage"},"thumbnailUrl":"https:\/\/kominki-elektryczne.pl\/blog\/wp-content\/uploads\/2024\/10\/royal-pro-100-11_1.jpg","keywords":["Chimeneas el\u00e9ctricas aflamo","chimeneas el\u00e9ctricas con sonido","chimeneas el\u00e9ctricas Majestic Pro","chimeneas el\u00e9ctricas Royal Pro"],"inLanguage":"pl-PL"},{"@type":"WebPage","@id":"https:\/\/kominki-elektryczne.pl\/blog\/es\/2024\/10\/31\/nuevas-chimeneas-electricas-pro-innovaciones-y-tendencias-para-2025\/","url":"https:\/\/kominki-elektryczne.pl\/blog\/es\/2024\/10\/31\/nuevas-chimeneas-electricas-pro-innovaciones-y-tendencias-para-2025\/","name":"Nuevas Chimeneas El\u00e9ctricas PRO - Innovaciones y Tendencias para 2025 - Kominki-Elektryczne.pl","isPartOf":{"@id":"https:\/\/kominki-elektryczne.pl\/blog\/#website"},"primaryImageOfPage":{"@id":"https:\/\/kominki-elektryczne.pl\/blog\/es\/2024\/10\/31\/nuevas-chimeneas-electricas-pro-innovaciones-y-tendencias-para-2025\/#primaryimage"},"image":{"@id":"https:\/\/kominki-elektryczne.pl\/blog\/es\/2024\/10\/31\/nuevas-chimeneas-electricas-pro-innovaciones-y-tendencias-para-2025\/#primaryimage"},"thumbnailUrl":"https:\/\/kominki-elektryczne.pl\/blog\/wp-content\/uploads\/2024\/10\/royal-pro-100-11_1.jpg","datePublished":"2024-10-31T13:08:29+00:00","dateModified":"2024-10-31T13:16:28+00:00","breadcrumb":{"@id":"https:\/\/kominki-elektryczne.pl\/blog\/es\/2024\/10\/31\/nuevas-chimeneas-electricas-pro-innovaciones-y-tendencias-para-2025\/#breadcrumb"},"inLanguage":"pl-PL","potentialAction":[{"@type":"ReadAction","target":["https:\/\/kominki-elektryczne.pl\/blog\/es\/2024\/10\/31\/nuevas-chimeneas-electricas-pro-innovaciones-y-tendencias-para-2025\/"]}]},{"@type":"ImageObject","inLanguage":"pl-PL","@id":"https:\/\/kominki-elektryczne.pl\/blog\/es\/2024\/10\/31\/nuevas-chimeneas-electricas-pro-innovaciones-y-tendencias-para-2025\/#primaryimage","url":"https:\/\/kominki-elektryczne.pl\/blog\/wp-content\/uploads\/2024\/10\/royal-pro-100-11_1.jpg","contentUrl":"https:\/\/kominki-elektryczne.pl\/blog\/wp-content\/uploads\/2024\/10\/royal-pro-100-11_1.jpg","width":800,"height":495},{"@type":"BreadcrumbList","@id":"https:\/\/kominki-elektryczne.pl\/blog\/es\/2024\/10\/31\/nuevas-chimeneas-electricas-pro-innovaciones-y-tendencias-para-2025\/#breadcrumb","itemListElement":[{"@type":"ListItem","position":1,"name":"Strona g\u0142\u00f3wna","item":"https:\/\/kominki-elektryczne.pl\/blog\/"},{"@type":"ListItem","position":2,"name":"Nuevas Chimeneas El\u00e9ctricas PRO &#8211; Innovaciones y Tendencias para 2025"}]},{"@type":"WebSite","@id":"https:\/\/kominki-elektryczne.pl\/blog\/#website","url":"https:\/\/kominki-elektryczne.pl\/blog\/","name":"Kominki-Elektryczne.pl","description":"Opisy - Porady - Recenzje","publisher":{"@id":"https:\/\/kominki-elektryczne.pl\/blog\/#organization"},"potentialAction":[{"@type":"SearchAction","target":{"@type":"EntryPoint","urlTemplate":"https:\/\/kominki-elektryczne.pl\/blog\/?s={search_term_string}"},"query-input":{"@type":"PropertyValueSpecification","valueRequired":true,"valueName":"search_term_string"}}],"inLanguage":"pl-PL"},{"@type":"Organization","@id":"https:\/\/kominki-elektryczne.pl\/blog\/#organization","name":"Kominki-Elektryczne.pl","url":"https:\/\/kominki-elektryczne.pl\/blog\/","logo":{"@type":"ImageObject","inLanguage":"pl-PL","@id":"https:\/\/kominki-elektryczne.pl\/blog\/#\/schema\/logo\/image\/","url":"https:\/\/kominki-elektryczne.pl\/blog\/wp-content\/uploads\/2025\/04\/cropped-LogoAflamo.jpg","contentUrl":"https:\/\/kominki-elektryczne.pl\/blog\/wp-content\/uploads\/2025\/04\/cropped-LogoAflamo.jpg","width":200,"height":58,"caption":"Kominki-Elektryczne.pl"},"image":{"@id":"https:\/\/kominki-elektryczne.pl\/blog\/#\/schema\/logo\/image\/"},"sameAs":["https:\/\/www.facebook.com\/elektrycznekominki"]},{"@type":"Person","@id":"https:\/\/kominki-elektryczne.pl\/blog\/#\/schema\/person\/045e7544e3e90364f5f82cc509123089","name":"Kominkowy","image":{"@type":"ImageObject","inLanguage":"pl-PL","@id":"https:\/\/kominki-elektryczne.pl\/blog\/#\/schema\/person\/image\/","url":"https:\/\/secure.gravatar.com\/avatar\/8c15720599195e8ba4119df2db28ce7e?s=96&d=mm&r=g","contentUrl":"https:\/\/secure.gravatar.com\/avatar\/8c15720599195e8ba4119df2db28ce7e?s=96&d=mm&r=g","caption":"Kominkowy"},"sameAs":["http:\/\/www.kominki-elektryczne.pl"],"url":"https:\/\/kominki-elektryczne.pl\/blog\/author\/led-handel\/"}]}},"_links":{"self":[{"href":"https:\/\/kominki-elektryczne.pl\/blog\/wp-json\/wp\/v2\/posts\/810","targetHints":{"allow":["GET"]}}],"collection":[{"href":"https:\/\/kominki-elektryczne.pl\/blog\/wp-json\/wp\/v2\/posts"}],"about":[{"href":"https:\/\/kominki-elektryczne.pl\/blog\/wp-json\/wp\/v2\/types\/post"}],"author":[{"embeddable":true,"href":"https:\/\/kominki-elektryczne.pl\/blog\/wp-json\/wp\/v2\/users\/1"}],"replies":[{"embeddable":true,"href":"https:\/\/kominki-elektryczne.pl\/blog\/wp-json\/wp\/v2\/comments?post=810"}],"version-history":[{"count":2,"href":"https:\/\/kominki-elektryczne.pl\/blog\/wp-json\/wp\/v2\/posts\/810\/revisions"}],"predecessor-version":[{"id":818,"href":"https:\/\/kominki-elektryczne.pl\/blog\/wp-json\/wp\/v2\/posts\/810\/revisions\/818"}],"wp:featuredmedia":[{"embeddable":true,"href":"https:\/\/kominki-elektryczne.pl\/blog\/wp-json\/wp\/v2\/media\/802"}],"wp:attachment":[{"href":"https:\/\/kominki-elektryczne.pl\/blog\/wp-json\/wp\/v2\/media?parent=810"}],"wp:term":[{"taxonomy":"category","embeddable":true,"href":"https:\/\/kominki-elektryczne.pl\/blog\/wp-json\/wp\/v2\/categories?post=810"},{"taxonomy":"post_tag","embeddable":true,"href":"https:\/\/kominki-elektryczne.pl\/blog\/wp-json\/wp\/v2\/tags?post=810"}],"curies":[{"name":"wp","href":"https:\/\/api.w.org\/{rel}","templated":true}]}}