{"id":84,"date":"2018-11-16T12:53:19","date_gmt":"2018-11-16T11:53:19","guid":{"rendered":"https:\/\/kominki-elektryczne.pl\/blog\/?p=84"},"modified":"2024-10-08T12:14:48","modified_gmt":"2024-10-08T10:14:48","slug":"wklad-elektryczny-42-107-cm-szerokosci-ostatnia-okazja","status":"publish","type":"post","link":"https:\/\/kominki-elektryczne.pl\/blog\/2018\/11\/16\/wklad-elektryczny-42-107-cm-szerokosci-ostatnia-okazja\/","title":{"rendered":"Wk\u0142ad elektryczny 42&#8243; 107 cm szeroko\u015bci! Ostatnia okazja!"},"content":{"rendered":"<p>Witam serdecznie,<\/p>\n<p>dzisiaj chcemy Pa\u0144stwu zaproponowa\u0107 wk\u0142ad 42&#8243; 3D z wymiennym paleniskiem (kryszta\u0142y, lub polana). Jest to ostatnia okazja do zakupu tego\u00a0 modelu poniewa\u017c zasta\u0142o nam ju\u017c tylko par\u0119 sztuk i niestety nie b\u0119d\u0105 one ju\u017c dost\u0119pne.<br \/>\nKominek posiada panoramiczny wygl\u0105d z efektem 3D. Jego g\u0142\u0119bia powoduje, \u017ce p\u0142omie\u0144 jest bardzo realistyczny. Wk\u0142ad dedykowany jest pod zabudow\u0119.<\/p>\n<figure id=\"attachment_86\" aria-describedby=\"caption-attachment-86\" style=\"width: 1686px\" class=\"wp-caption alignnone\"><img loading=\"lazy\" decoding=\"async\" class=\"size-full wp-image-86\" src=\"https:\/\/kominki-elektryczne.pl\/blog\/wp-content\/uploads\/2018\/11\/wklad-42-3d_main.jpg\" alt=\"Wk\u0142ad 42&quot; 3D\" width=\"1686\" height=\"750\" srcset=\"https:\/\/kominki-elektryczne.pl\/blog\/wp-content\/uploads\/2018\/11\/wklad-42-3d_main.jpg 1686w, https:\/\/kominki-elektryczne.pl\/blog\/wp-content\/uploads\/2018\/11\/wklad-42-3d_main-300x133.jpg 300w, https:\/\/kominki-elektryczne.pl\/blog\/wp-content\/uploads\/2018\/11\/wklad-42-3d_main-768x342.jpg 768w, https:\/\/kominki-elektryczne.pl\/blog\/wp-content\/uploads\/2018\/11\/wklad-42-3d_main-1024x456.jpg 1024w\" sizes=\"auto, (max-width: 1686px) 100vw, 1686px\" \/><figcaption id=\"caption-attachment-86\" class=\"wp-caption-text\">Wk\u0142ad 42&#8243; 3D<\/figcaption><\/figure>\n<p>Zapraszamy do zapoznania si\u0119 z produktem \ud83d\ude42<\/p>\n<p><a href=\"https:\/\/www.kominki-elektryczne.pl\/glowna\/115-wklad-3d-42-led-infrared-classic-flame-model-2018.html\">https:\/\/www.kominki-elektryczne.pl\/glowna\/115-wklad-3d-42-led-infrared-classic-flame-model-2018.html<\/a><\/p>\n","protected":false},"excerpt":{"rendered":"<p>Witam serdecznie, dzisiaj chcemy Pa\u0144stwu zaproponowa\u0107 wk\u0142ad 42&#8243; 3D z wymiennym paleniskiem (kryszta\u0142y, lub polana). Jest to ostatnia okazja do zakupu tego\u00a0 modelu poniewa\u017c zasta\u0142o nam ju\u017c tylko par\u0119 sztuk i niestety nie b\u0119d\u0105 one ju\u017c dost\u0119pne. Kominek posiada panoramiczny wygl\u0105d z efektem 3D. Jego &hellip; <\/p>\n","protected":false},"author":1,"featured_media":0,"comment_status":"closed","ping_status":"closed","sticky":false,"template":"","format":"standard","meta":{"footnotes":""},"categories":[1],"tags":[],"class_list":["post-84","post","type-post","status-publish","format-standard","hentry","category-bez-kategorii"],"yoast_head":"<!-- This site is optimized with the Yoast SEO plugin v25.7 - https:\/\/yoast.com\/wordpress\/plugins\/seo\/ -->\n<title>Wk\u0142ad elektryczny 42&quot; 107 cm szeroko\u015bci! Ostatnia okazja! - Kominki-Elektryczne.pl<\/title>\n<meta name=\"robots\" content=\"index, follow, max-snippet:-1, max-image-preview:large, max-video-preview:-1\" \/>\n<link rel=\"canonical\" href=\"https:\/\/kominki-elektryczne.pl\/blog\/2018\/11\/16\/wklad-elektryczny-42-107-cm-szerokosci-ostatnia-okazja\/\" \/>\n<meta property=\"og:locale\" content=\"pl_PL\" \/>\n<meta property=\"og:type\" content=\"article\" \/>\n<meta property=\"og:title\" content=\"Wk\u0142ad elektryczny 42&quot; 107 cm szeroko\u015bci! Ostatnia okazja! - Kominki-Elektryczne.pl\" \/>\n<meta property=\"og:description\" content=\"Witam serdecznie, dzisiaj chcemy Pa\u0144stwu zaproponowa\u0107 wk\u0142ad 42&#8243; 3D z wymiennym paleniskiem (kryszta\u0142y, lub polana). Jest to ostatnia okazja do zakupu tego\u00a0 modelu poniewa\u017c zasta\u0142o nam ju\u017c tylko par\u0119 sztuk i niestety nie b\u0119d\u0105 one ju\u017c dost\u0119pne. Kominek posiada panoramiczny wygl\u0105d z efektem 3D. Jego &hellip;\" \/>\n<meta property=\"og:url\" content=\"https:\/\/kominki-elektryczne.pl\/blog\/2018\/11\/16\/wklad-elektryczny-42-107-cm-szerokosci-ostatnia-okazja\/\" \/>\n<meta property=\"og:site_name\" content=\"Kominki-Elektryczne.pl\" \/>\n<meta property=\"article:publisher\" content=\"https:\/\/www.facebook.com\/elektrycznekominki\" \/>\n<meta property=\"article:published_time\" content=\"2018-11-16T11:53:19+00:00\" \/>\n<meta property=\"article:modified_time\" content=\"2024-10-08T10:14:48+00:00\" \/>\n<meta property=\"og:image\" content=\"https:\/\/kominki-elektryczne.pl\/blog\/wp-content\/uploads\/2018\/11\/wklad-42-3d_main.jpg\" \/>\n\t<meta property=\"og:image:width\" content=\"1686\" \/>\n\t<meta property=\"og:image:height\" content=\"750\" \/>\n\t<meta property=\"og:image:type\" content=\"image\/jpeg\" \/>\n<meta name=\"author\" content=\"Kominkowy\" \/>\n<meta name=\"twitter:card\" content=\"summary_large_image\" \/>\n<meta name=\"twitter:label1\" content=\"Napisane przez\" \/>\n\t<meta name=\"twitter:data1\" content=\"Kominkowy\" \/>\n<script type=\"application\/ld+json\" class=\"yoast-schema-graph\">{\"@context\":\"https:\/\/schema.org\",\"@graph\":[{\"@type\":\"Article\",\"@id\":\"https:\/\/kominki-elektryczne.pl\/blog\/2018\/11\/16\/wklad-elektryczny-42-107-cm-szerokosci-ostatnia-okazja\/#article\",\"isPartOf\":{\"@id\":\"https:\/\/kominki-elektryczne.pl\/blog\/2018\/11\/16\/wklad-elektryczny-42-107-cm-szerokosci-ostatnia-okazja\/\"},\"author\":{\"name\":\"Kominkowy\",\"@id\":\"https:\/\/kominki-elektryczne.pl\/blog\/#\/schema\/person\/045e7544e3e90364f5f82cc509123089\"},\"headline\":\"Wk\u0142ad elektryczny 42&#8243; 107 cm szeroko\u015bci! Ostatnia okazja!\",\"datePublished\":\"2018-11-16T11:53:19+00:00\",\"dateModified\":\"2024-10-08T10:14:48+00:00\",\"mainEntityOfPage\":{\"@id\":\"https:\/\/kominki-elektryczne.pl\/blog\/2018\/11\/16\/wklad-elektryczny-42-107-cm-szerokosci-ostatnia-okazja\/\"},\"wordCount\":99,\"publisher\":{\"@id\":\"https:\/\/kominki-elektryczne.pl\/blog\/#organization\"},\"image\":{\"@id\":\"https:\/\/kominki-elektryczne.pl\/blog\/2018\/11\/16\/wklad-elektryczny-42-107-cm-szerokosci-ostatnia-okazja\/#primaryimage\"},\"thumbnailUrl\":\"https:\/\/kominki-elektryczne.pl\/blog\/wp-content\/uploads\/2018\/11\/wklad-42-3d_main.jpg\",\"inLanguage\":\"pl-PL\"},{\"@type\":\"WebPage\",\"@id\":\"https:\/\/kominki-elektryczne.pl\/blog\/2018\/11\/16\/wklad-elektryczny-42-107-cm-szerokosci-ostatnia-okazja\/\",\"url\":\"https:\/\/kominki-elektryczne.pl\/blog\/2018\/11\/16\/wklad-elektryczny-42-107-cm-szerokosci-ostatnia-okazja\/\",\"name\":\"Wk\u0142ad elektryczny 42\\\" 107 cm szeroko\u015bci! Ostatnia okazja! - Kominki-Elektryczne.pl\",\"isPartOf\":{\"@id\":\"https:\/\/kominki-elektryczne.pl\/blog\/#website\"},\"primaryImageOfPage\":{\"@id\":\"https:\/\/kominki-elektryczne.pl\/blog\/2018\/11\/16\/wklad-elektryczny-42-107-cm-szerokosci-ostatnia-okazja\/#primaryimage\"},\"image\":{\"@id\":\"https:\/\/kominki-elektryczne.pl\/blog\/2018\/11\/16\/wklad-elektryczny-42-107-cm-szerokosci-ostatnia-okazja\/#primaryimage\"},\"thumbnailUrl\":\"https:\/\/kominki-elektryczne.pl\/blog\/wp-content\/uploads\/2018\/11\/wklad-42-3d_main.jpg\",\"datePublished\":\"2018-11-16T11:53:19+00:00\",\"dateModified\":\"2024-10-08T10:14:48+00:00\",\"breadcrumb\":{\"@id\":\"https:\/\/kominki-elektryczne.pl\/blog\/2018\/11\/16\/wklad-elektryczny-42-107-cm-szerokosci-ostatnia-okazja\/#breadcrumb\"},\"inLanguage\":\"pl-PL\",\"potentialAction\":[{\"@type\":\"ReadAction\",\"target\":[\"https:\/\/kominki-elektryczne.pl\/blog\/2018\/11\/16\/wklad-elektryczny-42-107-cm-szerokosci-ostatnia-okazja\/\"]}]},{\"@type\":\"ImageObject\",\"inLanguage\":\"pl-PL\",\"@id\":\"https:\/\/kominki-elektryczne.pl\/blog\/2018\/11\/16\/wklad-elektryczny-42-107-cm-szerokosci-ostatnia-okazja\/#primaryimage\",\"url\":\"https:\/\/kominki-elektryczne.pl\/blog\/wp-content\/uploads\/2018\/11\/wklad-42-3d_main.jpg\",\"contentUrl\":\"https:\/\/kominki-elektryczne.pl\/blog\/wp-content\/uploads\/2018\/11\/wklad-42-3d_main.jpg\",\"width\":1686,\"height\":750,\"caption\":\"Wk\u0142ad 42\\\" 3D\"},{\"@type\":\"BreadcrumbList\",\"@id\":\"https:\/\/kominki-elektryczne.pl\/blog\/2018\/11\/16\/wklad-elektryczny-42-107-cm-szerokosci-ostatnia-okazja\/#breadcrumb\",\"itemListElement\":[{\"@type\":\"ListItem\",\"position\":1,\"name\":\"Strona g\u0142\u00f3wna\",\"item\":\"https:\/\/kominki-elektryczne.pl\/blog\/\"},{\"@type\":\"ListItem\",\"position\":2,\"name\":\"Wk\u0142ad elektryczny 42&#8243; 107 cm szeroko\u015bci! Ostatnia okazja!\"}]},{\"@type\":\"WebSite\",\"@id\":\"https:\/\/kominki-elektryczne.pl\/blog\/#website\",\"url\":\"https:\/\/kominki-elektryczne.pl\/blog\/\",\"name\":\"Kominki-Elektryczne.pl\",\"description\":\"Opisy - Porady - Recenzje\",\"publisher\":{\"@id\":\"https:\/\/kominki-elektryczne.pl\/blog\/#organization\"},\"potentialAction\":[{\"@type\":\"SearchAction\",\"target\":{\"@type\":\"EntryPoint\",\"urlTemplate\":\"https:\/\/kominki-elektryczne.pl\/blog\/?s={search_term_string}\"},\"query-input\":{\"@type\":\"PropertyValueSpecification\",\"valueRequired\":true,\"valueName\":\"search_term_string\"}}],\"inLanguage\":\"pl-PL\"},{\"@type\":\"Organization\",\"@id\":\"https:\/\/kominki-elektryczne.pl\/blog\/#organization\",\"name\":\"Kominki-Elektryczne.pl\",\"url\":\"https:\/\/kominki-elektryczne.pl\/blog\/\",\"logo\":{\"@type\":\"ImageObject\",\"inLanguage\":\"pl-PL\",\"@id\":\"https:\/\/kominki-elektryczne.pl\/blog\/#\/schema\/logo\/image\/\",\"url\":\"https:\/\/kominki-elektryczne.pl\/blog\/wp-content\/uploads\/2025\/04\/cropped-LogoAflamo.jpg\",\"contentUrl\":\"https:\/\/kominki-elektryczne.pl\/blog\/wp-content\/uploads\/2025\/04\/cropped-LogoAflamo.jpg\",\"width\":200,\"height\":58,\"caption\":\"Kominki-Elektryczne.pl\"},\"image\":{\"@id\":\"https:\/\/kominki-elektryczne.pl\/blog\/#\/schema\/logo\/image\/\"},\"sameAs\":[\"https:\/\/www.facebook.com\/elektrycznekominki\"]},{\"@type\":\"Person\",\"@id\":\"https:\/\/kominki-elektryczne.pl\/blog\/#\/schema\/person\/045e7544e3e90364f5f82cc509123089\",\"name\":\"Kominkowy\",\"image\":{\"@type\":\"ImageObject\",\"inLanguage\":\"pl-PL\",\"@id\":\"https:\/\/kominki-elektryczne.pl\/blog\/#\/schema\/person\/image\/\",\"url\":\"https:\/\/secure.gravatar.com\/avatar\/8c15720599195e8ba4119df2db28ce7e?s=96&d=mm&r=g\",\"contentUrl\":\"https:\/\/secure.gravatar.com\/avatar\/8c15720599195e8ba4119df2db28ce7e?s=96&d=mm&r=g\",\"caption\":\"Kominkowy\"},\"sameAs\":[\"http:\/\/www.kominki-elektryczne.pl\"],\"url\":\"https:\/\/kominki-elektryczne.pl\/blog\/author\/led-handel\/\"}]}<\/script>\n<!-- \/ Yoast SEO plugin. -->","yoast_head_json":{"title":"Wk\u0142ad elektryczny 42\" 107 cm szeroko\u015bci! Ostatnia okazja! - Kominki-Elektryczne.pl","robots":{"index":"index","follow":"follow","max-snippet":"max-snippet:-1","max-image-preview":"max-image-preview:large","max-video-preview":"max-video-preview:-1"},"canonical":"https:\/\/kominki-elektryczne.pl\/blog\/2018\/11\/16\/wklad-elektryczny-42-107-cm-szerokosci-ostatnia-okazja\/","og_locale":"pl_PL","og_type":"article","og_title":"Wk\u0142ad elektryczny 42\" 107 cm szeroko\u015bci! Ostatnia okazja! - Kominki-Elektryczne.pl","og_description":"Witam serdecznie, dzisiaj chcemy Pa\u0144stwu zaproponowa\u0107 wk\u0142ad 42&#8243; 3D z wymiennym paleniskiem (kryszta\u0142y, lub polana). Jest to ostatnia okazja do zakupu tego\u00a0 modelu poniewa\u017c zasta\u0142o nam ju\u017c tylko par\u0119 sztuk i niestety nie b\u0119d\u0105 one ju\u017c dost\u0119pne. Kominek posiada panoramiczny wygl\u0105d z efektem 3D. Jego &hellip;","og_url":"https:\/\/kominki-elektryczne.pl\/blog\/2018\/11\/16\/wklad-elektryczny-42-107-cm-szerokosci-ostatnia-okazja\/","og_site_name":"Kominki-Elektryczne.pl","article_publisher":"https:\/\/www.facebook.com\/elektrycznekominki","article_published_time":"2018-11-16T11:53:19+00:00","article_modified_time":"2024-10-08T10:14:48+00:00","og_image":[{"width":1686,"height":750,"url":"https:\/\/kominki-elektryczne.pl\/blog\/wp-content\/uploads\/2018\/11\/wklad-42-3d_main.jpg","type":"image\/jpeg"}],"author":"Kominkowy","twitter_card":"summary_large_image","twitter_misc":{"Napisane przez":"Kominkowy"},"schema":{"@context":"https:\/\/schema.org","@graph":[{"@type":"Article","@id":"https:\/\/kominki-elektryczne.pl\/blog\/2018\/11\/16\/wklad-elektryczny-42-107-cm-szerokosci-ostatnia-okazja\/#article","isPartOf":{"@id":"https:\/\/kominki-elektryczne.pl\/blog\/2018\/11\/16\/wklad-elektryczny-42-107-cm-szerokosci-ostatnia-okazja\/"},"author":{"name":"Kominkowy","@id":"https:\/\/kominki-elektryczne.pl\/blog\/#\/schema\/person\/045e7544e3e90364f5f82cc509123089"},"headline":"Wk\u0142ad elektryczny 42&#8243; 107 cm szeroko\u015bci! Ostatnia okazja!","datePublished":"2018-11-16T11:53:19+00:00","dateModified":"2024-10-08T10:14:48+00:00","mainEntityOfPage":{"@id":"https:\/\/kominki-elektryczne.pl\/blog\/2018\/11\/16\/wklad-elektryczny-42-107-cm-szerokosci-ostatnia-okazja\/"},"wordCount":99,"publisher":{"@id":"https:\/\/kominki-elektryczne.pl\/blog\/#organization"},"image":{"@id":"https:\/\/kominki-elektryczne.pl\/blog\/2018\/11\/16\/wklad-elektryczny-42-107-cm-szerokosci-ostatnia-okazja\/#primaryimage"},"thumbnailUrl":"https:\/\/kominki-elektryczne.pl\/blog\/wp-content\/uploads\/2018\/11\/wklad-42-3d_main.jpg","inLanguage":"pl-PL"},{"@type":"WebPage","@id":"https:\/\/kominki-elektryczne.pl\/blog\/2018\/11\/16\/wklad-elektryczny-42-107-cm-szerokosci-ostatnia-okazja\/","url":"https:\/\/kominki-elektryczne.pl\/blog\/2018\/11\/16\/wklad-elektryczny-42-107-cm-szerokosci-ostatnia-okazja\/","name":"Wk\u0142ad elektryczny 42\" 107 cm szeroko\u015bci! Ostatnia okazja! - Kominki-Elektryczne.pl","isPartOf":{"@id":"https:\/\/kominki-elektryczne.pl\/blog\/#website"},"primaryImageOfPage":{"@id":"https:\/\/kominki-elektryczne.pl\/blog\/2018\/11\/16\/wklad-elektryczny-42-107-cm-szerokosci-ostatnia-okazja\/#primaryimage"},"image":{"@id":"https:\/\/kominki-elektryczne.pl\/blog\/2018\/11\/16\/wklad-elektryczny-42-107-cm-szerokosci-ostatnia-okazja\/#primaryimage"},"thumbnailUrl":"https:\/\/kominki-elektryczne.pl\/blog\/wp-content\/uploads\/2018\/11\/wklad-42-3d_main.jpg","datePublished":"2018-11-16T11:53:19+00:00","dateModified":"2024-10-08T10:14:48+00:00","breadcrumb":{"@id":"https:\/\/kominki-elektryczne.pl\/blog\/2018\/11\/16\/wklad-elektryczny-42-107-cm-szerokosci-ostatnia-okazja\/#breadcrumb"},"inLanguage":"pl-PL","potentialAction":[{"@type":"ReadAction","target":["https:\/\/kominki-elektryczne.pl\/blog\/2018\/11\/16\/wklad-elektryczny-42-107-cm-szerokosci-ostatnia-okazja\/"]}]},{"@type":"ImageObject","inLanguage":"pl-PL","@id":"https:\/\/kominki-elektryczne.pl\/blog\/2018\/11\/16\/wklad-elektryczny-42-107-cm-szerokosci-ostatnia-okazja\/#primaryimage","url":"https:\/\/kominki-elektryczne.pl\/blog\/wp-content\/uploads\/2018\/11\/wklad-42-3d_main.jpg","contentUrl":"https:\/\/kominki-elektryczne.pl\/blog\/wp-content\/uploads\/2018\/11\/wklad-42-3d_main.jpg","width":1686,"height":750,"caption":"Wk\u0142ad 42\" 3D"},{"@type":"BreadcrumbList","@id":"https:\/\/kominki-elektryczne.pl\/blog\/2018\/11\/16\/wklad-elektryczny-42-107-cm-szerokosci-ostatnia-okazja\/#breadcrumb","itemListElement":[{"@type":"ListItem","position":1,"name":"Strona g\u0142\u00f3wna","item":"https:\/\/kominki-elektryczne.pl\/blog\/"},{"@type":"ListItem","position":2,"name":"Wk\u0142ad elektryczny 42&#8243; 107 cm szeroko\u015bci! Ostatnia okazja!"}]},{"@type":"WebSite","@id":"https:\/\/kominki-elektryczne.pl\/blog\/#website","url":"https:\/\/kominki-elektryczne.pl\/blog\/","name":"Kominki-Elektryczne.pl","description":"Opisy - Porady - Recenzje","publisher":{"@id":"https:\/\/kominki-elektryczne.pl\/blog\/#organization"},"potentialAction":[{"@type":"SearchAction","target":{"@type":"EntryPoint","urlTemplate":"https:\/\/kominki-elektryczne.pl\/blog\/?s={search_term_string}"},"query-input":{"@type":"PropertyValueSpecification","valueRequired":true,"valueName":"search_term_string"}}],"inLanguage":"pl-PL"},{"@type":"Organization","@id":"https:\/\/kominki-elektryczne.pl\/blog\/#organization","name":"Kominki-Elektryczne.pl","url":"https:\/\/kominki-elektryczne.pl\/blog\/","logo":{"@type":"ImageObject","inLanguage":"pl-PL","@id":"https:\/\/kominki-elektryczne.pl\/blog\/#\/schema\/logo\/image\/","url":"https:\/\/kominki-elektryczne.pl\/blog\/wp-content\/uploads\/2025\/04\/cropped-LogoAflamo.jpg","contentUrl":"https:\/\/kominki-elektryczne.pl\/blog\/wp-content\/uploads\/2025\/04\/cropped-LogoAflamo.jpg","width":200,"height":58,"caption":"Kominki-Elektryczne.pl"},"image":{"@id":"https:\/\/kominki-elektryczne.pl\/blog\/#\/schema\/logo\/image\/"},"sameAs":["https:\/\/www.facebook.com\/elektrycznekominki"]},{"@type":"Person","@id":"https:\/\/kominki-elektryczne.pl\/blog\/#\/schema\/person\/045e7544e3e90364f5f82cc509123089","name":"Kominkowy","image":{"@type":"ImageObject","inLanguage":"pl-PL","@id":"https:\/\/kominki-elektryczne.pl\/blog\/#\/schema\/person\/image\/","url":"https:\/\/secure.gravatar.com\/avatar\/8c15720599195e8ba4119df2db28ce7e?s=96&d=mm&r=g","contentUrl":"https:\/\/secure.gravatar.com\/avatar\/8c15720599195e8ba4119df2db28ce7e?s=96&d=mm&r=g","caption":"Kominkowy"},"sameAs":["http:\/\/www.kominki-elektryczne.pl"],"url":"https:\/\/kominki-elektryczne.pl\/blog\/author\/led-handel\/"}]}},"_links":{"self":[{"href":"https:\/\/kominki-elektryczne.pl\/blog\/wp-json\/wp\/v2\/posts\/84","targetHints":{"allow":["GET"]}}],"collection":[{"href":"https:\/\/kominki-elektryczne.pl\/blog\/wp-json\/wp\/v2\/posts"}],"about":[{"href":"https:\/\/kominki-elektryczne.pl\/blog\/wp-json\/wp\/v2\/types\/post"}],"author":[{"embeddable":true,"href":"https:\/\/kominki-elektryczne.pl\/blog\/wp-json\/wp\/v2\/users\/1"}],"replies":[{"embeddable":true,"href":"https:\/\/kominki-elektryczne.pl\/blog\/wp-json\/wp\/v2\/comments?post=84"}],"version-history":[{"count":1,"href":"https:\/\/kominki-elektryczne.pl\/blog\/wp-json\/wp\/v2\/posts\/84\/revisions"}],"predecessor-version":[{"id":87,"href":"https:\/\/kominki-elektryczne.pl\/blog\/wp-json\/wp\/v2\/posts\/84\/revisions\/87"}],"wp:attachment":[{"href":"https:\/\/kominki-elektryczne.pl\/blog\/wp-json\/wp\/v2\/media?parent=84"}],"wp:term":[{"taxonomy":"category","embeddable":true,"href":"https:\/\/kominki-elektryczne.pl\/blog\/wp-json\/wp\/v2\/categories?post=84"},{"taxonomy":"post_tag","embeddable":true,"href":"https:\/\/kominki-elektryczne.pl\/blog\/wp-json\/wp\/v2\/tags?post=84"}],"curies":[{"name":"wp","href":"https:\/\/api.w.org\/{rel}","templated":true}]}}