{"id":852,"date":"2024-12-27T15:32:35","date_gmt":"2024-12-27T14:32:35","guid":{"rendered":"https:\/\/kominki-elektryczne.pl\/blog\/?p=852"},"modified":"2024-12-27T15:38:54","modified_gmt":"2024-12-27T14:38:54","slug":"confronto-tra-le-serie-royal-royal-pro-royal-3d","status":"publish","type":"post","link":"https:\/\/kominki-elektryczne.pl\/blog\/it\/2024\/12\/27\/confronto-tra-le-serie-royal-royal-pro-royal-3d\/","title":{"rendered":"Confronto tra le serie Royal | Royal Pro | Royal 3D"},"content":{"rendered":"\n<p>Il Natale \u00e8 il momento perfetto per scegliere un caminetto, quindi oggi metteremo a confronto il nostro buon vecchio caminetto elettrico Royal con i suoi fratelli minori Royal Pro e Royal 3D, i caminetti elettrici di Aflamo.<\/p>\n\n\n\n<p><a href=\"https:\/\/www.kominki-elektryczne.pl\/it\/camini-led-3d-da-incasso\/192-royal-50-camino-elettrico-da-parete-da-incasso-aflamo-5907622623400.html\">Caminetto elettrico Royal<\/a><br>Finora si \u00e8 caratterizzato soprattutto per la sua struttura in metallo, che \u00e8 piaciuta a molti utenti. Ha una <a href=\"https:\/\/www.kominki-elektryczne.pl\/it\/16-caminetti-elettrici-a-led-a-parete-funzione-di-riscaldamento\">funzione di riscaldamento<\/a> a 2 stadi e si controlla sia manualmente tramite un pannello sul caminetto sia tramite telecomando. Inoltre, dispone di una funzione per modificare il colore e la luminosit\u00e0 della fiamma. Viene fornito anche con cristalli da posizionare sul focolare al posto dei ceppi.<br>L&#8217;altezza e la profondit\u00e0 del Royal sono rispettivamente di: 43 cm e 15 cm<\/p>\n\n\n\n<p>C<a href=\"https:\/\/www.kominki-elektryczne.pl\/it\/caminetti-elettrici-angolari\/640-royal-pro-120-cm-caminetto-elettrico-a-led-da-parete-e-da-incasso-aflamo.html\">aminetto elettrico Royal Pro<\/a><br>Si tratta di una serie di modelli caratterizzati da una moderna fiamma 3D. Modello innovativo per quanto riguarda il focolare, \u00e8 dotato non solo di cristalli di colore nero che riflettono la luce della fiamma, ma anche di listelli di ceramica. In questo modo il focolare pu\u00f2 essere disposto liberamente in base alle esigenze del cliente. Possiamo utilizzare un mix di billette e cristalli, in modo da ottenere un effetto ancora migliore. Il focolare pu\u00f2 essere modificato in ben 13 colori. Un grande vantaggio \u00e8 la possibilit\u00e0 di controllare il caminetto tramite un&#8217;app del telefono e persino di integrarlo con l&#8217;assistente Alexa di Amazon.<br>La classica struttura in acciaio \u00e8 utilizzata, ma questa volta il pannello di controllo \u00e8 posizionato direttamente sul vetro.<br>L&#8217;altezza e la profondit\u00e0 del Royal Pro sono rispettivamente di: 38 cm e 16 cm<\/p>\n\n\n\n<p><a href=\"https:\/\/www.kominki-elektryczne.pl\/it\/caminetti-elettrici-angolari\/650-royal-3d-120-cm-caminetto-elettrico-a-led-da-parete-e-da-incasso-aflamo.html\">Caminetto elettrico Royal 3D<\/a><br>\u00c8 il pi\u00f9 ricco di extra, qui troverete tutto quello che potete trovare nel Royal Pro, in pi\u00f9 i lati dei caminetti sono stati rivestiti all&#8217;interno con specchi, che creano un brillante effetto fiamma infinita. La fiamma \u00e8 estremamente vivida ed \u00e8 arricchita dall&#8217;effetto delle scintille intorno alla fiamma. Il focolare di questo modello \u00e8 dinamico, scintillante e dotato di ceppi pi\u00f9 grandi con punte traslucide. Il Royal 3D \u00e8 anche l&#8217;unico caminetto che include la vermiculite, un popolare additivo per il terreno utilizzato in orticoltura.<br>Grazie alla sua profondit\u00e0, la fiamma ha una maggiore profondit\u00e0 e crea un bellissimo effetto 3D che non si trova da nessun&#8217;altra parte.<br>L&#8217;altezza e la profondit\u00e0 del Royal 3D sono rispettivamente di: 48 cm e 22 cm<\/p>\n\n\n\n<p>Di seguito sono riportate le foto di tutti e 3 i modelli (da sinistra: Royal 3D, Royal Pro, Royal):<\/p>\n\n\n\n<figure class=\"wp-block-gallery columns-3 is-cropped wp-block-gallery-1 is-layout-flex wp-block-gallery-is-layout-flex\"><ul class=\"blocks-gallery-grid\"><li class=\"blocks-gallery-item\"><figure><img loading=\"lazy\" decoding=\"async\" width=\"1024\" height=\"768\" src=\"https:\/\/kominki-elektryczne.pl\/blog\/wp-content\/uploads\/2024\/12\/IMG_7020-1-1024x768.jpeg\" alt=\"\" data-id=\"853\" data-full-url=\"https:\/\/kominki-elektryczne.pl\/blog\/wp-content\/uploads\/2024\/12\/IMG_7020-1.jpeg\" data-link=\"https:\/\/kominki-elektryczne.pl\/blog\/?attachment_id=853\" class=\"wp-image-853\" srcset=\"https:\/\/kominki-elektryczne.pl\/blog\/wp-content\/uploads\/2024\/12\/IMG_7020-1-1024x768.jpeg 1024w, https:\/\/kominki-elektryczne.pl\/blog\/wp-content\/uploads\/2024\/12\/IMG_7020-1-300x225.jpeg 300w, https:\/\/kominki-elektryczne.pl\/blog\/wp-content\/uploads\/2024\/12\/IMG_7020-1-768x576.jpeg 768w, https:\/\/kominki-elektryczne.pl\/blog\/wp-content\/uploads\/2024\/12\/IMG_7020-1-1536x1152.jpeg 1536w, https:\/\/kominki-elektryczne.pl\/blog\/wp-content\/uploads\/2024\/12\/IMG_7020-1.jpeg 2000w\" sizes=\"auto, (max-width: 1024px) 100vw, 1024px\" \/><\/figure><\/li><li class=\"blocks-gallery-item\"><figure><img loading=\"lazy\" decoding=\"async\" width=\"1024\" height=\"768\" src=\"https:\/\/kominki-elektryczne.pl\/blog\/wp-content\/uploads\/2024\/12\/IMG_7021-1-1024x768.jpeg\" alt=\"\" data-id=\"854\" data-full-url=\"https:\/\/kominki-elektryczne.pl\/blog\/wp-content\/uploads\/2024\/12\/IMG_7021-1.jpeg\" data-link=\"https:\/\/kominki-elektryczne.pl\/blog\/?attachment_id=854\" class=\"wp-image-854\" srcset=\"https:\/\/kominki-elektryczne.pl\/blog\/wp-content\/uploads\/2024\/12\/IMG_7021-1-1024x768.jpeg 1024w, https:\/\/kominki-elektryczne.pl\/blog\/wp-content\/uploads\/2024\/12\/IMG_7021-1-300x225.jpeg 300w, https:\/\/kominki-elektryczne.pl\/blog\/wp-content\/uploads\/2024\/12\/IMG_7021-1-768x576.jpeg 768w, https:\/\/kominki-elektryczne.pl\/blog\/wp-content\/uploads\/2024\/12\/IMG_7021-1-1536x1152.jpeg 1536w, https:\/\/kominki-elektryczne.pl\/blog\/wp-content\/uploads\/2024\/12\/IMG_7021-1.jpeg 2000w\" sizes=\"auto, (max-width: 1024px) 100vw, 1024px\" \/><\/figure><\/li><li class=\"blocks-gallery-item\"><figure><img loading=\"lazy\" decoding=\"async\" width=\"1024\" height=\"768\" src=\"https:\/\/kominki-elektryczne.pl\/blog\/wp-content\/uploads\/2024\/12\/IMG_7022-1-1024x768.jpeg\" alt=\"\" data-id=\"855\" data-full-url=\"https:\/\/kominki-elektryczne.pl\/blog\/wp-content\/uploads\/2024\/12\/IMG_7022-1.jpeg\" data-link=\"https:\/\/kominki-elektryczne.pl\/blog\/?attachment_id=855\" class=\"wp-image-855\" srcset=\"https:\/\/kominki-elektryczne.pl\/blog\/wp-content\/uploads\/2024\/12\/IMG_7022-1-1024x768.jpeg 1024w, https:\/\/kominki-elektryczne.pl\/blog\/wp-content\/uploads\/2024\/12\/IMG_7022-1-300x225.jpeg 300w, https:\/\/kominki-elektryczne.pl\/blog\/wp-content\/uploads\/2024\/12\/IMG_7022-1-768x576.jpeg 768w, https:\/\/kominki-elektryczne.pl\/blog\/wp-content\/uploads\/2024\/12\/IMG_7022-1-1536x1152.jpeg 1536w, https:\/\/kominki-elektryczne.pl\/blog\/wp-content\/uploads\/2024\/12\/IMG_7022-1.jpeg 2000w\" sizes=\"auto, (max-width: 1024px) 100vw, 1024px\" \/><\/figure><\/li><\/ul><\/figure>\n\n\n\n<p>Come potete vedere, la differenza tra loro \u00e8 significativa. Fateci sapere quale vi piace di pi\u00f9.<br>Alla prossima.<\/p>\n","protected":false},"excerpt":{"rendered":"<p>Il Natale \u00e8 il momento perfetto per scegliere un caminetto, quindi oggi metteremo a confronto il nostro buon vecchio caminetto elettrico Royal con i suoi fratelli minori Royal Pro e Royal 3D, i caminetti elettrici di Aflamo. Caminetto elettrico RoyalFinora si \u00e8 caratterizzato soprattutto per &hellip; <\/p>\n","protected":false},"author":1,"featured_media":0,"comment_status":"closed","ping_status":"closed","sticky":false,"template":"","format":"standard","meta":{"footnotes":""},"categories":[33],"tags":[570,310],"class_list":["post-852","post","type-post","status-publish","format-standard","hentry","category-bez-kategorii-it","tag-caminetti-royal-pro","tag-caminetto-elettrico"],"yoast_head":"<!-- This site is optimized with the Yoast SEO plugin v25.7 - https:\/\/yoast.com\/wordpress\/plugins\/seo\/ -->\n<title>Confronto tra le serie Royal | Royal Pro | Royal 3D - Kominki-Elektryczne.pl<\/title>\n<meta name=\"robots\" content=\"index, follow, max-snippet:-1, max-image-preview:large, max-video-preview:-1\" \/>\n<link rel=\"canonical\" href=\"https:\/\/kominki-elektryczne.pl\/blog\/it\/2024\/12\/27\/confronto-tra-le-serie-royal-royal-pro-royal-3d\/\" \/>\n<meta property=\"og:locale\" content=\"pl_PL\" \/>\n<meta property=\"og:type\" content=\"article\" \/>\n<meta property=\"og:title\" content=\"Confronto tra le serie Royal | Royal Pro | Royal 3D - Kominki-Elektryczne.pl\" \/>\n<meta property=\"og:description\" content=\"Il Natale \u00e8 il momento perfetto per scegliere un caminetto, quindi oggi metteremo a confronto il nostro buon vecchio caminetto elettrico Royal con i suoi fratelli minori Royal Pro e Royal 3D, i caminetti elettrici di Aflamo. Caminetto elettrico RoyalFinora si \u00e8 caratterizzato soprattutto per &hellip;\" \/>\n<meta property=\"og:url\" content=\"https:\/\/kominki-elektryczne.pl\/blog\/it\/2024\/12\/27\/confronto-tra-le-serie-royal-royal-pro-royal-3d\/\" \/>\n<meta property=\"og:site_name\" content=\"Kominki-Elektryczne.pl\" \/>\n<meta property=\"article:publisher\" content=\"https:\/\/www.facebook.com\/elektrycznekominki\" \/>\n<meta property=\"article:published_time\" content=\"2024-12-27T14:32:35+00:00\" \/>\n<meta property=\"article:modified_time\" content=\"2024-12-27T14:38:54+00:00\" \/>\n<meta property=\"og:image\" content=\"https:\/\/kominki-elektryczne.pl\/blog\/wp-content\/uploads\/2024\/12\/IMG_7020-1.jpeg\" \/>\n\t<meta property=\"og:image:width\" content=\"2000\" \/>\n\t<meta property=\"og:image:height\" content=\"1500\" \/>\n\t<meta property=\"og:image:type\" content=\"image\/jpeg\" \/>\n<meta name=\"author\" content=\"Kominkowy\" \/>\n<meta name=\"twitter:card\" content=\"summary_large_image\" \/>\n<meta name=\"twitter:label1\" content=\"Napisane przez\" \/>\n\t<meta name=\"twitter:data1\" content=\"Kominkowy\" \/>\n\t<meta name=\"twitter:label2\" content=\"Szacowany czas czytania\" \/>\n\t<meta name=\"twitter:data2\" content=\"2 minuty\" \/>\n<script type=\"application\/ld+json\" class=\"yoast-schema-graph\">{\"@context\":\"https:\/\/schema.org\",\"@graph\":[{\"@type\":\"Article\",\"@id\":\"https:\/\/kominki-elektryczne.pl\/blog\/it\/2024\/12\/27\/confronto-tra-le-serie-royal-royal-pro-royal-3d\/#article\",\"isPartOf\":{\"@id\":\"https:\/\/kominki-elektryczne.pl\/blog\/it\/2024\/12\/27\/confronto-tra-le-serie-royal-royal-pro-royal-3d\/\"},\"author\":{\"name\":\"Kominkowy\",\"@id\":\"https:\/\/kominki-elektryczne.pl\/blog\/#\/schema\/person\/045e7544e3e90364f5f82cc509123089\"},\"headline\":\"Confronto tra le serie Royal | Royal Pro | Royal 3D\",\"datePublished\":\"2024-12-27T14:32:35+00:00\",\"dateModified\":\"2024-12-27T14:38:54+00:00\",\"mainEntityOfPage\":{\"@id\":\"https:\/\/kominki-elektryczne.pl\/blog\/it\/2024\/12\/27\/confronto-tra-le-serie-royal-royal-pro-royal-3d\/\"},\"wordCount\":413,\"publisher\":{\"@id\":\"https:\/\/kominki-elektryczne.pl\/blog\/#organization\"},\"image\":{\"@id\":\"https:\/\/kominki-elektryczne.pl\/blog\/it\/2024\/12\/27\/confronto-tra-le-serie-royal-royal-pro-royal-3d\/#primaryimage\"},\"thumbnailUrl\":\"https:\/\/kominki-elektryczne.pl\/blog\/wp-content\/uploads\/2024\/12\/IMG_7020-1-1024x768.jpeg\",\"keywords\":[\"caminetti Royal Pro\",\"caminetto elettrico\"],\"inLanguage\":\"pl-PL\"},{\"@type\":\"WebPage\",\"@id\":\"https:\/\/kominki-elektryczne.pl\/blog\/it\/2024\/12\/27\/confronto-tra-le-serie-royal-royal-pro-royal-3d\/\",\"url\":\"https:\/\/kominki-elektryczne.pl\/blog\/it\/2024\/12\/27\/confronto-tra-le-serie-royal-royal-pro-royal-3d\/\",\"name\":\"Confronto tra le serie Royal | Royal Pro | Royal 3D - Kominki-Elektryczne.pl\",\"isPartOf\":{\"@id\":\"https:\/\/kominki-elektryczne.pl\/blog\/#website\"},\"primaryImageOfPage\":{\"@id\":\"https:\/\/kominki-elektryczne.pl\/blog\/it\/2024\/12\/27\/confronto-tra-le-serie-royal-royal-pro-royal-3d\/#primaryimage\"},\"image\":{\"@id\":\"https:\/\/kominki-elektryczne.pl\/blog\/it\/2024\/12\/27\/confronto-tra-le-serie-royal-royal-pro-royal-3d\/#primaryimage\"},\"thumbnailUrl\":\"https:\/\/kominki-elektryczne.pl\/blog\/wp-content\/uploads\/2024\/12\/IMG_7020-1-1024x768.jpeg\",\"datePublished\":\"2024-12-27T14:32:35+00:00\",\"dateModified\":\"2024-12-27T14:38:54+00:00\",\"breadcrumb\":{\"@id\":\"https:\/\/kominki-elektryczne.pl\/blog\/it\/2024\/12\/27\/confronto-tra-le-serie-royal-royal-pro-royal-3d\/#breadcrumb\"},\"inLanguage\":\"pl-PL\",\"potentialAction\":[{\"@type\":\"ReadAction\",\"target\":[\"https:\/\/kominki-elektryczne.pl\/blog\/it\/2024\/12\/27\/confronto-tra-le-serie-royal-royal-pro-royal-3d\/\"]}]},{\"@type\":\"ImageObject\",\"inLanguage\":\"pl-PL\",\"@id\":\"https:\/\/kominki-elektryczne.pl\/blog\/it\/2024\/12\/27\/confronto-tra-le-serie-royal-royal-pro-royal-3d\/#primaryimage\",\"url\":\"https:\/\/kominki-elektryczne.pl\/blog\/wp-content\/uploads\/2024\/12\/IMG_7020-1.jpeg\",\"contentUrl\":\"https:\/\/kominki-elektryczne.pl\/blog\/wp-content\/uploads\/2024\/12\/IMG_7020-1.jpeg\",\"width\":2000,\"height\":1500},{\"@type\":\"BreadcrumbList\",\"@id\":\"https:\/\/kominki-elektryczne.pl\/blog\/it\/2024\/12\/27\/confronto-tra-le-serie-royal-royal-pro-royal-3d\/#breadcrumb\",\"itemListElement\":[{\"@type\":\"ListItem\",\"position\":1,\"name\":\"Strona g\u0142\u00f3wna\",\"item\":\"https:\/\/kominki-elektryczne.pl\/blog\/\"},{\"@type\":\"ListItem\",\"position\":2,\"name\":\"Confronto tra le serie Royal | Royal Pro | Royal 3D\"}]},{\"@type\":\"WebSite\",\"@id\":\"https:\/\/kominki-elektryczne.pl\/blog\/#website\",\"url\":\"https:\/\/kominki-elektryczne.pl\/blog\/\",\"name\":\"Kominki-Elektryczne.pl\",\"description\":\"Opisy - Porady - Recenzje\",\"publisher\":{\"@id\":\"https:\/\/kominki-elektryczne.pl\/blog\/#organization\"},\"potentialAction\":[{\"@type\":\"SearchAction\",\"target\":{\"@type\":\"EntryPoint\",\"urlTemplate\":\"https:\/\/kominki-elektryczne.pl\/blog\/?s={search_term_string}\"},\"query-input\":{\"@type\":\"PropertyValueSpecification\",\"valueRequired\":true,\"valueName\":\"search_term_string\"}}],\"inLanguage\":\"pl-PL\"},{\"@type\":\"Organization\",\"@id\":\"https:\/\/kominki-elektryczne.pl\/blog\/#organization\",\"name\":\"Kominki-Elektryczne.pl\",\"url\":\"https:\/\/kominki-elektryczne.pl\/blog\/\",\"logo\":{\"@type\":\"ImageObject\",\"inLanguage\":\"pl-PL\",\"@id\":\"https:\/\/kominki-elektryczne.pl\/blog\/#\/schema\/logo\/image\/\",\"url\":\"https:\/\/kominki-elektryczne.pl\/blog\/wp-content\/uploads\/2025\/04\/cropped-LogoAflamo.jpg\",\"contentUrl\":\"https:\/\/kominki-elektryczne.pl\/blog\/wp-content\/uploads\/2025\/04\/cropped-LogoAflamo.jpg\",\"width\":200,\"height\":58,\"caption\":\"Kominki-Elektryczne.pl\"},\"image\":{\"@id\":\"https:\/\/kominki-elektryczne.pl\/blog\/#\/schema\/logo\/image\/\"},\"sameAs\":[\"https:\/\/www.facebook.com\/elektrycznekominki\"]},{\"@type\":\"Person\",\"@id\":\"https:\/\/kominki-elektryczne.pl\/blog\/#\/schema\/person\/045e7544e3e90364f5f82cc509123089\",\"name\":\"Kominkowy\",\"image\":{\"@type\":\"ImageObject\",\"inLanguage\":\"pl-PL\",\"@id\":\"https:\/\/kominki-elektryczne.pl\/blog\/#\/schema\/person\/image\/\",\"url\":\"https:\/\/secure.gravatar.com\/avatar\/8c15720599195e8ba4119df2db28ce7e?s=96&d=mm&r=g\",\"contentUrl\":\"https:\/\/secure.gravatar.com\/avatar\/8c15720599195e8ba4119df2db28ce7e?s=96&d=mm&r=g\",\"caption\":\"Kominkowy\"},\"sameAs\":[\"http:\/\/www.kominki-elektryczne.pl\"],\"url\":\"https:\/\/kominki-elektryczne.pl\/blog\/author\/led-handel\/\"}]}<\/script>\n<!-- \/ Yoast SEO plugin. -->","yoast_head_json":{"title":"Confronto tra le serie Royal | Royal Pro | Royal 3D - Kominki-Elektryczne.pl","robots":{"index":"index","follow":"follow","max-snippet":"max-snippet:-1","max-image-preview":"max-image-preview:large","max-video-preview":"max-video-preview:-1"},"canonical":"https:\/\/kominki-elektryczne.pl\/blog\/it\/2024\/12\/27\/confronto-tra-le-serie-royal-royal-pro-royal-3d\/","og_locale":"pl_PL","og_type":"article","og_title":"Confronto tra le serie Royal | Royal Pro | Royal 3D - Kominki-Elektryczne.pl","og_description":"Il Natale \u00e8 il momento perfetto per scegliere un caminetto, quindi oggi metteremo a confronto il nostro buon vecchio caminetto elettrico Royal con i suoi fratelli minori Royal Pro e Royal 3D, i caminetti elettrici di Aflamo. Caminetto elettrico RoyalFinora si \u00e8 caratterizzato soprattutto per &hellip;","og_url":"https:\/\/kominki-elektryczne.pl\/blog\/it\/2024\/12\/27\/confronto-tra-le-serie-royal-royal-pro-royal-3d\/","og_site_name":"Kominki-Elektryczne.pl","article_publisher":"https:\/\/www.facebook.com\/elektrycznekominki","article_published_time":"2024-12-27T14:32:35+00:00","article_modified_time":"2024-12-27T14:38:54+00:00","og_image":[{"width":2000,"height":1500,"url":"https:\/\/kominki-elektryczne.pl\/blog\/wp-content\/uploads\/2024\/12\/IMG_7020-1.jpeg","type":"image\/jpeg"}],"author":"Kominkowy","twitter_card":"summary_large_image","twitter_misc":{"Napisane przez":"Kominkowy","Szacowany czas czytania":"2 minuty"},"schema":{"@context":"https:\/\/schema.org","@graph":[{"@type":"Article","@id":"https:\/\/kominki-elektryczne.pl\/blog\/it\/2024\/12\/27\/confronto-tra-le-serie-royal-royal-pro-royal-3d\/#article","isPartOf":{"@id":"https:\/\/kominki-elektryczne.pl\/blog\/it\/2024\/12\/27\/confronto-tra-le-serie-royal-royal-pro-royal-3d\/"},"author":{"name":"Kominkowy","@id":"https:\/\/kominki-elektryczne.pl\/blog\/#\/schema\/person\/045e7544e3e90364f5f82cc509123089"},"headline":"Confronto tra le serie Royal | Royal Pro | Royal 3D","datePublished":"2024-12-27T14:32:35+00:00","dateModified":"2024-12-27T14:38:54+00:00","mainEntityOfPage":{"@id":"https:\/\/kominki-elektryczne.pl\/blog\/it\/2024\/12\/27\/confronto-tra-le-serie-royal-royal-pro-royal-3d\/"},"wordCount":413,"publisher":{"@id":"https:\/\/kominki-elektryczne.pl\/blog\/#organization"},"image":{"@id":"https:\/\/kominki-elektryczne.pl\/blog\/it\/2024\/12\/27\/confronto-tra-le-serie-royal-royal-pro-royal-3d\/#primaryimage"},"thumbnailUrl":"https:\/\/kominki-elektryczne.pl\/blog\/wp-content\/uploads\/2024\/12\/IMG_7020-1-1024x768.jpeg","keywords":["caminetti Royal Pro","caminetto elettrico"],"inLanguage":"pl-PL"},{"@type":"WebPage","@id":"https:\/\/kominki-elektryczne.pl\/blog\/it\/2024\/12\/27\/confronto-tra-le-serie-royal-royal-pro-royal-3d\/","url":"https:\/\/kominki-elektryczne.pl\/blog\/it\/2024\/12\/27\/confronto-tra-le-serie-royal-royal-pro-royal-3d\/","name":"Confronto tra le serie Royal | Royal Pro | Royal 3D - Kominki-Elektryczne.pl","isPartOf":{"@id":"https:\/\/kominki-elektryczne.pl\/blog\/#website"},"primaryImageOfPage":{"@id":"https:\/\/kominki-elektryczne.pl\/blog\/it\/2024\/12\/27\/confronto-tra-le-serie-royal-royal-pro-royal-3d\/#primaryimage"},"image":{"@id":"https:\/\/kominki-elektryczne.pl\/blog\/it\/2024\/12\/27\/confronto-tra-le-serie-royal-royal-pro-royal-3d\/#primaryimage"},"thumbnailUrl":"https:\/\/kominki-elektryczne.pl\/blog\/wp-content\/uploads\/2024\/12\/IMG_7020-1-1024x768.jpeg","datePublished":"2024-12-27T14:32:35+00:00","dateModified":"2024-12-27T14:38:54+00:00","breadcrumb":{"@id":"https:\/\/kominki-elektryczne.pl\/blog\/it\/2024\/12\/27\/confronto-tra-le-serie-royal-royal-pro-royal-3d\/#breadcrumb"},"inLanguage":"pl-PL","potentialAction":[{"@type":"ReadAction","target":["https:\/\/kominki-elektryczne.pl\/blog\/it\/2024\/12\/27\/confronto-tra-le-serie-royal-royal-pro-royal-3d\/"]}]},{"@type":"ImageObject","inLanguage":"pl-PL","@id":"https:\/\/kominki-elektryczne.pl\/blog\/it\/2024\/12\/27\/confronto-tra-le-serie-royal-royal-pro-royal-3d\/#primaryimage","url":"https:\/\/kominki-elektryczne.pl\/blog\/wp-content\/uploads\/2024\/12\/IMG_7020-1.jpeg","contentUrl":"https:\/\/kominki-elektryczne.pl\/blog\/wp-content\/uploads\/2024\/12\/IMG_7020-1.jpeg","width":2000,"height":1500},{"@type":"BreadcrumbList","@id":"https:\/\/kominki-elektryczne.pl\/blog\/it\/2024\/12\/27\/confronto-tra-le-serie-royal-royal-pro-royal-3d\/#breadcrumb","itemListElement":[{"@type":"ListItem","position":1,"name":"Strona g\u0142\u00f3wna","item":"https:\/\/kominki-elektryczne.pl\/blog\/"},{"@type":"ListItem","position":2,"name":"Confronto tra le serie Royal | Royal Pro | Royal 3D"}]},{"@type":"WebSite","@id":"https:\/\/kominki-elektryczne.pl\/blog\/#website","url":"https:\/\/kominki-elektryczne.pl\/blog\/","name":"Kominki-Elektryczne.pl","description":"Opisy - Porady - Recenzje","publisher":{"@id":"https:\/\/kominki-elektryczne.pl\/blog\/#organization"},"potentialAction":[{"@type":"SearchAction","target":{"@type":"EntryPoint","urlTemplate":"https:\/\/kominki-elektryczne.pl\/blog\/?s={search_term_string}"},"query-input":{"@type":"PropertyValueSpecification","valueRequired":true,"valueName":"search_term_string"}}],"inLanguage":"pl-PL"},{"@type":"Organization","@id":"https:\/\/kominki-elektryczne.pl\/blog\/#organization","name":"Kominki-Elektryczne.pl","url":"https:\/\/kominki-elektryczne.pl\/blog\/","logo":{"@type":"ImageObject","inLanguage":"pl-PL","@id":"https:\/\/kominki-elektryczne.pl\/blog\/#\/schema\/logo\/image\/","url":"https:\/\/kominki-elektryczne.pl\/blog\/wp-content\/uploads\/2025\/04\/cropped-LogoAflamo.jpg","contentUrl":"https:\/\/kominki-elektryczne.pl\/blog\/wp-content\/uploads\/2025\/04\/cropped-LogoAflamo.jpg","width":200,"height":58,"caption":"Kominki-Elektryczne.pl"},"image":{"@id":"https:\/\/kominki-elektryczne.pl\/blog\/#\/schema\/logo\/image\/"},"sameAs":["https:\/\/www.facebook.com\/elektrycznekominki"]},{"@type":"Person","@id":"https:\/\/kominki-elektryczne.pl\/blog\/#\/schema\/person\/045e7544e3e90364f5f82cc509123089","name":"Kominkowy","image":{"@type":"ImageObject","inLanguage":"pl-PL","@id":"https:\/\/kominki-elektryczne.pl\/blog\/#\/schema\/person\/image\/","url":"https:\/\/secure.gravatar.com\/avatar\/8c15720599195e8ba4119df2db28ce7e?s=96&d=mm&r=g","contentUrl":"https:\/\/secure.gravatar.com\/avatar\/8c15720599195e8ba4119df2db28ce7e?s=96&d=mm&r=g","caption":"Kominkowy"},"sameAs":["http:\/\/www.kominki-elektryczne.pl"],"url":"https:\/\/kominki-elektryczne.pl\/blog\/author\/led-handel\/"}]}},"_links":{"self":[{"href":"https:\/\/kominki-elektryczne.pl\/blog\/wp-json\/wp\/v2\/posts\/852","targetHints":{"allow":["GET"]}}],"collection":[{"href":"https:\/\/kominki-elektryczne.pl\/blog\/wp-json\/wp\/v2\/posts"}],"about":[{"href":"https:\/\/kominki-elektryczne.pl\/blog\/wp-json\/wp\/v2\/types\/post"}],"author":[{"embeddable":true,"href":"https:\/\/kominki-elektryczne.pl\/blog\/wp-json\/wp\/v2\/users\/1"}],"replies":[{"embeddable":true,"href":"https:\/\/kominki-elektryczne.pl\/blog\/wp-json\/wp\/v2\/comments?post=852"}],"version-history":[{"count":1,"href":"https:\/\/kominki-elektryczne.pl\/blog\/wp-json\/wp\/v2\/posts\/852\/revisions"}],"predecessor-version":[{"id":856,"href":"https:\/\/kominki-elektryczne.pl\/blog\/wp-json\/wp\/v2\/posts\/852\/revisions\/856"}],"wp:attachment":[{"href":"https:\/\/kominki-elektryczne.pl\/blog\/wp-json\/wp\/v2\/media?parent=852"}],"wp:term":[{"taxonomy":"category","embeddable":true,"href":"https:\/\/kominki-elektryczne.pl\/blog\/wp-json\/wp\/v2\/categories?post=852"},{"taxonomy":"post_tag","embeddable":true,"href":"https:\/\/kominki-elektryczne.pl\/blog\/wp-json\/wp\/v2\/tags?post=852"}],"curies":[{"name":"wp","href":"https:\/\/api.w.org\/{rel}","templated":true}]}}