{"id":893,"date":"2025-03-04T13:09:13","date_gmt":"2025-03-04T12:09:13","guid":{"rendered":"https:\/\/kominki-elektryczne.pl\/blog\/?p=893"},"modified":"2025-03-04T13:09:14","modified_gmt":"2025-03-04T12:09:14","slug":"chimeneas-electricas-de-pared","status":"publish","type":"post","link":"https:\/\/kominki-elektryczne.pl\/blog\/es\/2025\/03\/04\/chimeneas-electricas-de-pared\/","title":{"rendered":"Chimeneas el\u00e9ctricas de pared"},"content":{"rendered":"\n<p><a href=\"https:\/\/www.kominki-elektryczne.pl\/es\/16-chimeneas-led-electricas-de-pared\">Las chimeneas el\u00e9ctricas de pared<\/a> son cada vez m\u00e1s populares entre quienes buscan soluciones de calefacci\u00f3n elegantes y funcionales. La marca AFLAMO ofrece una amplia gama de modelos que, adem\u00e1s de proporcionar calor, decoran los interiores con su moderno dise\u00f1o. Entre las series m\u00e1s populares se encuentran Royal Pro, Majestic Pro, Elite y Pride.<\/p>\n\n\n\n<h2 class=\"wp-block-heading\">Ventajas de las Chimeneas El\u00e9ctricas de Pared AFLAMO<\/h2>\n\n\n\n<p>Comodidad de Instalaci\u00f3n: Las chimeneas el\u00e9ctricas AFLAMO son f\u00e1ciles de instalar y se pueden colgar directamente en la pared o empotrar en cualquier material, como pladur o muebles.<\/p>\n\n\n\n<p>Seguridad: los aparatos son seguros para ni\u00f1os y mascotas, emiten poco calor y no requieren protecci\u00f3n especial.<\/p>\n\n\n\n<p>Elegancia y visualidad: AFLAMO ofrece chimeneas con un efecto de llama realista que se puede ajustar a trav\u00e9s del mando a distancia o de la aplicaci\u00f3n m\u00f3vil, lo que mejora a\u00fan m\u00e1s la experiencia del usuario.<\/p>\n\n\n\n<figure class=\"wp-block-image size-large\"><img decoding=\"async\" src=\"https:\/\/kominki-elektryczne.com.pl\/wp-content\/uploads\/2025\/03\/MAJESTIC_PRO_aranzacja_2-3-1024x590.jpg\" alt=\"Chimenea el\u00e9ctrica mural Majestic Pro\" class=\"wp-image-1641\"\/><\/figure>\n\n\n\n<h2 class=\"wp-block-heading\">Serie Royal Pro<\/h2>\n\n\n\n<p><a href=\"https:\/\/www.kominki-elektryczne.pl\/es\/szukaj?controller=search&amp;s=royal+pro\">La serie de chimeneas el\u00e9ctricas Royal Pro<\/a> es la nueva generaci\u00f3n de chimeneas el\u00e9ctricas AFLAMO, caracterizadas por un dise\u00f1o minimalista y un efecto de llama realista gracias a la tecnolog\u00eda AFLAMO PLUS. Disponible en tama\u00f1os de 100 a 180 cm, es ideal para empotrar o montar en la pared.2 Adem\u00e1s, estas chimeneas est\u00e1n equipadas con un altavoz que reproduce el sonido del crepitar de la le\u00f1a, creando una experiencia a\u00fan m\u00e1s realista.<\/p>\n\n\n\n<h2 class=\"wp-block-heading\">Serie Majestic Pro<\/h2>\n\n\n\n<p><a href=\"https:\/\/www.kominki-elektryczne.pl\/es\/szukaj?controller=search&amp;s=majestic+pro\">La serie de Majestic Pro<\/a> de chimeneas el\u00e9ctricas ofrece una amplia variedad de tama\u00f1os, de 107 a 213 cm, lo que permite que la chimenea encaje en cualquier interior. Estas chimeneas est\u00e1n equipadas con una funci\u00f3n de calefacci\u00f3n de 750\/1500 W, ideal para los d\u00edas m\u00e1s fr\u00edos<\/p>\n\n\n\n<h2 class=\"wp-block-heading\">Serie Elite<\/h2>\n\n\n\n<p><a href=\"https:\/\/www.kominki-elektryczne.pl\/es\/szukaj?controller=search&amp;s=elite\">Las chimeneas el\u00e9ctricas de la gama Elite<\/a> est\u00e1n disponibles en tama\u00f1os de 107 a 213 cm y disponen de una funci\u00f3n de calefacci\u00f3n de 750\/1500 W. Su moderno dise\u00f1o las convierte en la opci\u00f3n ideal para quienes aprecian la elegancia y la funcionalidad<\/p>\n\n\n\n<h2 class=\"wp-block-heading\">Serie Pride<\/h2>\n\n\n\n<p><a href=\"https:\/\/www.kominki-elektryczne.pl\/es\/szukaj?controller=search&amp;s=pride\">La gama de chimeneas el\u00e9ctricas Pride<\/a> es la soluci\u00f3n ideal para quienes buscan una chimenea sin funci\u00f3n de calefacci\u00f3n. Est\u00e1 disponible en varios tama\u00f1os, de 92 a 183 cm, y se puede montar en la pared o empotrar.<\/p>\n\n\n\n<h2 class=\"wp-block-heading\">Resumen<\/h2>\n\n\n\n<p>Las chimeneas el\u00e9ctricas de pared AFLAMO no son s\u00f3lo una fuente de calor, sino tambi\u00e9n un elemento decorativo que puede a\u00f1adir un toque \u00fanico a su interior. Gracias a su flexibilidad de instalaci\u00f3n y amplia gama de estilos, son la opci\u00f3n ideal para cualquiera que busque una soluci\u00f3n de calefacci\u00f3n moderna y funcional. Al elegir una chimenea el\u00e9ctrica de pared AFLAMO, podr\u00e1 disfrutar no s\u00f3lo del calor, sino tambi\u00e9n de la hermosa vista de la llama, que crea un ambiente acogedor en su hogar.<\/p>\n\n\n\n<p>\u00bfQu\u00e9 chimenea elegir\u00eda usted?<br>H\u00e1znoslo saber en los comentarios.<\/p>\n","protected":false},"excerpt":{"rendered":"<p>Las chimeneas el\u00e9ctricas de pared son cada vez m\u00e1s populares entre quienes buscan soluciones de calefacci\u00f3n elegantes y funcionales. La marca AFLAMO ofrece una amplia gama de modelos que, adem\u00e1s de proporcionar calor, decoran los interiores con su moderno dise\u00f1o. Entre las series m\u00e1s populares &hellip; <\/p>\n","protected":false},"author":1,"featured_media":891,"comment_status":"closed","ping_status":"closed","sticky":false,"template":"","format":"standard","meta":{"footnotes":""},"categories":[29],"tags":[401,581,579,740,742,744,577,575],"class_list":["post-893","post","type-post","status-publish","format-standard","has-post-thumbnail","hentry","category-bez-kategorii-es","tag-chimenea-electrica","tag-chimeneas-electricas-aflamo","tag-chimeneas-electricas-con-sonido","tag-chimeneas-electricas-de-pared","tag-chimeneas-electricas-de-pared-elite","tag-chimeneas-electricas-de-pared-pride","tag-chimeneas-electricas-majestic-pro","tag-chimeneas-electricas-royal-pro"],"yoast_head":"<!-- This site is optimized with the Yoast SEO plugin v25.7 - https:\/\/yoast.com\/wordpress\/plugins\/seo\/ -->\n<title>Chimeneas el\u00e9ctricas de pared - Kominki-Elektryczne.pl<\/title>\n<meta name=\"robots\" content=\"index, follow, max-snippet:-1, max-image-preview:large, max-video-preview:-1\" \/>\n<link rel=\"canonical\" href=\"https:\/\/kominki-elektryczne.pl\/blog\/es\/2025\/03\/04\/chimeneas-electricas-de-pared\/\" \/>\n<meta property=\"og:locale\" content=\"pl_PL\" \/>\n<meta property=\"og:type\" content=\"article\" \/>\n<meta property=\"og:title\" content=\"Chimeneas el\u00e9ctricas de pared - Kominki-Elektryczne.pl\" \/>\n<meta property=\"og:description\" content=\"Las chimeneas el\u00e9ctricas de pared son cada vez m\u00e1s populares entre quienes buscan soluciones de calefacci\u00f3n elegantes y funcionales. La marca AFLAMO ofrece una amplia gama de modelos que, adem\u00e1s de proporcionar calor, decoran los interiores con su moderno dise\u00f1o. Entre las series m\u00e1s populares &hellip;\" \/>\n<meta property=\"og:url\" content=\"https:\/\/kominki-elektryczne.pl\/blog\/es\/2025\/03\/04\/chimeneas-electricas-de-pared\/\" \/>\n<meta property=\"og:site_name\" content=\"Kominki-Elektryczne.pl\" \/>\n<meta property=\"article:publisher\" content=\"https:\/\/www.facebook.com\/elektrycznekominki\" \/>\n<meta property=\"article:published_time\" content=\"2025-03-04T12:09:13+00:00\" \/>\n<meta property=\"article:modified_time\" content=\"2025-03-04T12:09:14+00:00\" \/>\n<meta property=\"og:image\" content=\"https:\/\/kominki-elektryczne.pl\/blog\/wp-content\/uploads\/2025\/03\/MAJESTIC_PRO_aranzacja_2.jpg\" \/>\n\t<meta property=\"og:image:width\" content=\"2058\" \/>\n\t<meta property=\"og:image:height\" content=\"1185\" \/>\n\t<meta property=\"og:image:type\" content=\"image\/jpeg\" \/>\n<meta name=\"author\" content=\"Kominkowy\" \/>\n<meta name=\"twitter:card\" content=\"summary_large_image\" \/>\n<meta name=\"twitter:label1\" content=\"Napisane przez\" \/>\n\t<meta name=\"twitter:data1\" content=\"Kominkowy\" \/>\n\t<meta name=\"twitter:label2\" content=\"Szacowany czas czytania\" \/>\n\t<meta name=\"twitter:data2\" content=\"2 minuty\" \/>\n<script type=\"application\/ld+json\" class=\"yoast-schema-graph\">{\"@context\":\"https:\/\/schema.org\",\"@graph\":[{\"@type\":\"Article\",\"@id\":\"https:\/\/kominki-elektryczne.pl\/blog\/es\/2025\/03\/04\/chimeneas-electricas-de-pared\/#article\",\"isPartOf\":{\"@id\":\"https:\/\/kominki-elektryczne.pl\/blog\/es\/2025\/03\/04\/chimeneas-electricas-de-pared\/\"},\"author\":{\"name\":\"Kominkowy\",\"@id\":\"https:\/\/kominki-elektryczne.pl\/blog\/#\/schema\/person\/045e7544e3e90364f5f82cc509123089\"},\"headline\":\"Chimeneas el\u00e9ctricas de pared\",\"datePublished\":\"2025-03-04T12:09:13+00:00\",\"dateModified\":\"2025-03-04T12:09:14+00:00\",\"mainEntityOfPage\":{\"@id\":\"https:\/\/kominki-elektryczne.pl\/blog\/es\/2025\/03\/04\/chimeneas-electricas-de-pared\/\"},\"wordCount\":503,\"publisher\":{\"@id\":\"https:\/\/kominki-elektryczne.pl\/blog\/#organization\"},\"image\":{\"@id\":\"https:\/\/kominki-elektryczne.pl\/blog\/es\/2025\/03\/04\/chimeneas-electricas-de-pared\/#primaryimage\"},\"thumbnailUrl\":\"https:\/\/kominki-elektryczne.pl\/blog\/wp-content\/uploads\/2025\/03\/MAJESTIC_PRO_aranzacja_2.jpg\",\"keywords\":[\"chimenea electrica\",\"Chimeneas el\u00e9ctricas aflamo\",\"chimeneas el\u00e9ctricas con sonido\",\"Chimeneas el\u00e9ctricas de pared\",\"Chimeneas el\u00e9ctricas de pared elite\",\"Chimeneas el\u00e9ctricas de pared pride\",\"chimeneas el\u00e9ctricas Majestic Pro\",\"chimeneas el\u00e9ctricas Royal Pro\"],\"inLanguage\":\"pl-PL\"},{\"@type\":\"WebPage\",\"@id\":\"https:\/\/kominki-elektryczne.pl\/blog\/es\/2025\/03\/04\/chimeneas-electricas-de-pared\/\",\"url\":\"https:\/\/kominki-elektryczne.pl\/blog\/es\/2025\/03\/04\/chimeneas-electricas-de-pared\/\",\"name\":\"Chimeneas el\u00e9ctricas de pared - Kominki-Elektryczne.pl\",\"isPartOf\":{\"@id\":\"https:\/\/kominki-elektryczne.pl\/blog\/#website\"},\"primaryImageOfPage\":{\"@id\":\"https:\/\/kominki-elektryczne.pl\/blog\/es\/2025\/03\/04\/chimeneas-electricas-de-pared\/#primaryimage\"},\"image\":{\"@id\":\"https:\/\/kominki-elektryczne.pl\/blog\/es\/2025\/03\/04\/chimeneas-electricas-de-pared\/#primaryimage\"},\"thumbnailUrl\":\"https:\/\/kominki-elektryczne.pl\/blog\/wp-content\/uploads\/2025\/03\/MAJESTIC_PRO_aranzacja_2.jpg\",\"datePublished\":\"2025-03-04T12:09:13+00:00\",\"dateModified\":\"2025-03-04T12:09:14+00:00\",\"breadcrumb\":{\"@id\":\"https:\/\/kominki-elektryczne.pl\/blog\/es\/2025\/03\/04\/chimeneas-electricas-de-pared\/#breadcrumb\"},\"inLanguage\":\"pl-PL\",\"potentialAction\":[{\"@type\":\"ReadAction\",\"target\":[\"https:\/\/kominki-elektryczne.pl\/blog\/es\/2025\/03\/04\/chimeneas-electricas-de-pared\/\"]}]},{\"@type\":\"ImageObject\",\"inLanguage\":\"pl-PL\",\"@id\":\"https:\/\/kominki-elektryczne.pl\/blog\/es\/2025\/03\/04\/chimeneas-electricas-de-pared\/#primaryimage\",\"url\":\"https:\/\/kominki-elektryczne.pl\/blog\/wp-content\/uploads\/2025\/03\/MAJESTIC_PRO_aranzacja_2.jpg\",\"contentUrl\":\"https:\/\/kominki-elektryczne.pl\/blog\/wp-content\/uploads\/2025\/03\/MAJESTIC_PRO_aranzacja_2.jpg\",\"width\":2058,\"height\":1185},{\"@type\":\"BreadcrumbList\",\"@id\":\"https:\/\/kominki-elektryczne.pl\/blog\/es\/2025\/03\/04\/chimeneas-electricas-de-pared\/#breadcrumb\",\"itemListElement\":[{\"@type\":\"ListItem\",\"position\":1,\"name\":\"Strona g\u0142\u00f3wna\",\"item\":\"https:\/\/kominki-elektryczne.pl\/blog\/\"},{\"@type\":\"ListItem\",\"position\":2,\"name\":\"Chimeneas el\u00e9ctricas de pared\"}]},{\"@type\":\"WebSite\",\"@id\":\"https:\/\/kominki-elektryczne.pl\/blog\/#website\",\"url\":\"https:\/\/kominki-elektryczne.pl\/blog\/\",\"name\":\"Kominki-Elektryczne.pl\",\"description\":\"Opisy - Porady - Recenzje\",\"publisher\":{\"@id\":\"https:\/\/kominki-elektryczne.pl\/blog\/#organization\"},\"potentialAction\":[{\"@type\":\"SearchAction\",\"target\":{\"@type\":\"EntryPoint\",\"urlTemplate\":\"https:\/\/kominki-elektryczne.pl\/blog\/?s={search_term_string}\"},\"query-input\":{\"@type\":\"PropertyValueSpecification\",\"valueRequired\":true,\"valueName\":\"search_term_string\"}}],\"inLanguage\":\"pl-PL\"},{\"@type\":\"Organization\",\"@id\":\"https:\/\/kominki-elektryczne.pl\/blog\/#organization\",\"name\":\"Kominki-Elektryczne.pl\",\"url\":\"https:\/\/kominki-elektryczne.pl\/blog\/\",\"logo\":{\"@type\":\"ImageObject\",\"inLanguage\":\"pl-PL\",\"@id\":\"https:\/\/kominki-elektryczne.pl\/blog\/#\/schema\/logo\/image\/\",\"url\":\"https:\/\/kominki-elektryczne.pl\/blog\/wp-content\/uploads\/2025\/04\/cropped-LogoAflamo.jpg\",\"contentUrl\":\"https:\/\/kominki-elektryczne.pl\/blog\/wp-content\/uploads\/2025\/04\/cropped-LogoAflamo.jpg\",\"width\":200,\"height\":58,\"caption\":\"Kominki-Elektryczne.pl\"},\"image\":{\"@id\":\"https:\/\/kominki-elektryczne.pl\/blog\/#\/schema\/logo\/image\/\"},\"sameAs\":[\"https:\/\/www.facebook.com\/elektrycznekominki\"]},{\"@type\":\"Person\",\"@id\":\"https:\/\/kominki-elektryczne.pl\/blog\/#\/schema\/person\/045e7544e3e90364f5f82cc509123089\",\"name\":\"Kominkowy\",\"image\":{\"@type\":\"ImageObject\",\"inLanguage\":\"pl-PL\",\"@id\":\"https:\/\/kominki-elektryczne.pl\/blog\/#\/schema\/person\/image\/\",\"url\":\"https:\/\/secure.gravatar.com\/avatar\/8c15720599195e8ba4119df2db28ce7e?s=96&d=mm&r=g\",\"contentUrl\":\"https:\/\/secure.gravatar.com\/avatar\/8c15720599195e8ba4119df2db28ce7e?s=96&d=mm&r=g\",\"caption\":\"Kominkowy\"},\"sameAs\":[\"http:\/\/www.kominki-elektryczne.pl\"],\"url\":\"https:\/\/kominki-elektryczne.pl\/blog\/author\/led-handel\/\"}]}<\/script>\n<!-- \/ Yoast SEO plugin. -->","yoast_head_json":{"title":"Chimeneas el\u00e9ctricas de pared - Kominki-Elektryczne.pl","robots":{"index":"index","follow":"follow","max-snippet":"max-snippet:-1","max-image-preview":"max-image-preview:large","max-video-preview":"max-video-preview:-1"},"canonical":"https:\/\/kominki-elektryczne.pl\/blog\/es\/2025\/03\/04\/chimeneas-electricas-de-pared\/","og_locale":"pl_PL","og_type":"article","og_title":"Chimeneas el\u00e9ctricas de pared - Kominki-Elektryczne.pl","og_description":"Las chimeneas el\u00e9ctricas de pared son cada vez m\u00e1s populares entre quienes buscan soluciones de calefacci\u00f3n elegantes y funcionales. La marca AFLAMO ofrece una amplia gama de modelos que, adem\u00e1s de proporcionar calor, decoran los interiores con su moderno dise\u00f1o. Entre las series m\u00e1s populares &hellip;","og_url":"https:\/\/kominki-elektryczne.pl\/blog\/es\/2025\/03\/04\/chimeneas-electricas-de-pared\/","og_site_name":"Kominki-Elektryczne.pl","article_publisher":"https:\/\/www.facebook.com\/elektrycznekominki","article_published_time":"2025-03-04T12:09:13+00:00","article_modified_time":"2025-03-04T12:09:14+00:00","og_image":[{"width":2058,"height":1185,"url":"https:\/\/kominki-elektryczne.pl\/blog\/wp-content\/uploads\/2025\/03\/MAJESTIC_PRO_aranzacja_2.jpg","type":"image\/jpeg"}],"author":"Kominkowy","twitter_card":"summary_large_image","twitter_misc":{"Napisane przez":"Kominkowy","Szacowany czas czytania":"2 minuty"},"schema":{"@context":"https:\/\/schema.org","@graph":[{"@type":"Article","@id":"https:\/\/kominki-elektryczne.pl\/blog\/es\/2025\/03\/04\/chimeneas-electricas-de-pared\/#article","isPartOf":{"@id":"https:\/\/kominki-elektryczne.pl\/blog\/es\/2025\/03\/04\/chimeneas-electricas-de-pared\/"},"author":{"name":"Kominkowy","@id":"https:\/\/kominki-elektryczne.pl\/blog\/#\/schema\/person\/045e7544e3e90364f5f82cc509123089"},"headline":"Chimeneas el\u00e9ctricas de pared","datePublished":"2025-03-04T12:09:13+00:00","dateModified":"2025-03-04T12:09:14+00:00","mainEntityOfPage":{"@id":"https:\/\/kominki-elektryczne.pl\/blog\/es\/2025\/03\/04\/chimeneas-electricas-de-pared\/"},"wordCount":503,"publisher":{"@id":"https:\/\/kominki-elektryczne.pl\/blog\/#organization"},"image":{"@id":"https:\/\/kominki-elektryczne.pl\/blog\/es\/2025\/03\/04\/chimeneas-electricas-de-pared\/#primaryimage"},"thumbnailUrl":"https:\/\/kominki-elektryczne.pl\/blog\/wp-content\/uploads\/2025\/03\/MAJESTIC_PRO_aranzacja_2.jpg","keywords":["chimenea electrica","Chimeneas el\u00e9ctricas aflamo","chimeneas el\u00e9ctricas con sonido","Chimeneas el\u00e9ctricas de pared","Chimeneas el\u00e9ctricas de pared elite","Chimeneas el\u00e9ctricas de pared pride","chimeneas el\u00e9ctricas Majestic Pro","chimeneas el\u00e9ctricas Royal Pro"],"inLanguage":"pl-PL"},{"@type":"WebPage","@id":"https:\/\/kominki-elektryczne.pl\/blog\/es\/2025\/03\/04\/chimeneas-electricas-de-pared\/","url":"https:\/\/kominki-elektryczne.pl\/blog\/es\/2025\/03\/04\/chimeneas-electricas-de-pared\/","name":"Chimeneas el\u00e9ctricas de pared - Kominki-Elektryczne.pl","isPartOf":{"@id":"https:\/\/kominki-elektryczne.pl\/blog\/#website"},"primaryImageOfPage":{"@id":"https:\/\/kominki-elektryczne.pl\/blog\/es\/2025\/03\/04\/chimeneas-electricas-de-pared\/#primaryimage"},"image":{"@id":"https:\/\/kominki-elektryczne.pl\/blog\/es\/2025\/03\/04\/chimeneas-electricas-de-pared\/#primaryimage"},"thumbnailUrl":"https:\/\/kominki-elektryczne.pl\/blog\/wp-content\/uploads\/2025\/03\/MAJESTIC_PRO_aranzacja_2.jpg","datePublished":"2025-03-04T12:09:13+00:00","dateModified":"2025-03-04T12:09:14+00:00","breadcrumb":{"@id":"https:\/\/kominki-elektryczne.pl\/blog\/es\/2025\/03\/04\/chimeneas-electricas-de-pared\/#breadcrumb"},"inLanguage":"pl-PL","potentialAction":[{"@type":"ReadAction","target":["https:\/\/kominki-elektryczne.pl\/blog\/es\/2025\/03\/04\/chimeneas-electricas-de-pared\/"]}]},{"@type":"ImageObject","inLanguage":"pl-PL","@id":"https:\/\/kominki-elektryczne.pl\/blog\/es\/2025\/03\/04\/chimeneas-electricas-de-pared\/#primaryimage","url":"https:\/\/kominki-elektryczne.pl\/blog\/wp-content\/uploads\/2025\/03\/MAJESTIC_PRO_aranzacja_2.jpg","contentUrl":"https:\/\/kominki-elektryczne.pl\/blog\/wp-content\/uploads\/2025\/03\/MAJESTIC_PRO_aranzacja_2.jpg","width":2058,"height":1185},{"@type":"BreadcrumbList","@id":"https:\/\/kominki-elektryczne.pl\/blog\/es\/2025\/03\/04\/chimeneas-electricas-de-pared\/#breadcrumb","itemListElement":[{"@type":"ListItem","position":1,"name":"Strona g\u0142\u00f3wna","item":"https:\/\/kominki-elektryczne.pl\/blog\/"},{"@type":"ListItem","position":2,"name":"Chimeneas el\u00e9ctricas de pared"}]},{"@type":"WebSite","@id":"https:\/\/kominki-elektryczne.pl\/blog\/#website","url":"https:\/\/kominki-elektryczne.pl\/blog\/","name":"Kominki-Elektryczne.pl","description":"Opisy - Porady - Recenzje","publisher":{"@id":"https:\/\/kominki-elektryczne.pl\/blog\/#organization"},"potentialAction":[{"@type":"SearchAction","target":{"@type":"EntryPoint","urlTemplate":"https:\/\/kominki-elektryczne.pl\/blog\/?s={search_term_string}"},"query-input":{"@type":"PropertyValueSpecification","valueRequired":true,"valueName":"search_term_string"}}],"inLanguage":"pl-PL"},{"@type":"Organization","@id":"https:\/\/kominki-elektryczne.pl\/blog\/#organization","name":"Kominki-Elektryczne.pl","url":"https:\/\/kominki-elektryczne.pl\/blog\/","logo":{"@type":"ImageObject","inLanguage":"pl-PL","@id":"https:\/\/kominki-elektryczne.pl\/blog\/#\/schema\/logo\/image\/","url":"https:\/\/kominki-elektryczne.pl\/blog\/wp-content\/uploads\/2025\/04\/cropped-LogoAflamo.jpg","contentUrl":"https:\/\/kominki-elektryczne.pl\/blog\/wp-content\/uploads\/2025\/04\/cropped-LogoAflamo.jpg","width":200,"height":58,"caption":"Kominki-Elektryczne.pl"},"image":{"@id":"https:\/\/kominki-elektryczne.pl\/blog\/#\/schema\/logo\/image\/"},"sameAs":["https:\/\/www.facebook.com\/elektrycznekominki"]},{"@type":"Person","@id":"https:\/\/kominki-elektryczne.pl\/blog\/#\/schema\/person\/045e7544e3e90364f5f82cc509123089","name":"Kominkowy","image":{"@type":"ImageObject","inLanguage":"pl-PL","@id":"https:\/\/kominki-elektryczne.pl\/blog\/#\/schema\/person\/image\/","url":"https:\/\/secure.gravatar.com\/avatar\/8c15720599195e8ba4119df2db28ce7e?s=96&d=mm&r=g","contentUrl":"https:\/\/secure.gravatar.com\/avatar\/8c15720599195e8ba4119df2db28ce7e?s=96&d=mm&r=g","caption":"Kominkowy"},"sameAs":["http:\/\/www.kominki-elektryczne.pl"],"url":"https:\/\/kominki-elektryczne.pl\/blog\/author\/led-handel\/"}]}},"_links":{"self":[{"href":"https:\/\/kominki-elektryczne.pl\/blog\/wp-json\/wp\/v2\/posts\/893","targetHints":{"allow":["GET"]}}],"collection":[{"href":"https:\/\/kominki-elektryczne.pl\/blog\/wp-json\/wp\/v2\/posts"}],"about":[{"href":"https:\/\/kominki-elektryczne.pl\/blog\/wp-json\/wp\/v2\/types\/post"}],"author":[{"embeddable":true,"href":"https:\/\/kominki-elektryczne.pl\/blog\/wp-json\/wp\/v2\/users\/1"}],"replies":[{"embeddable":true,"href":"https:\/\/kominki-elektryczne.pl\/blog\/wp-json\/wp\/v2\/comments?post=893"}],"version-history":[{"count":1,"href":"https:\/\/kominki-elektryczne.pl\/blog\/wp-json\/wp\/v2\/posts\/893\/revisions"}],"predecessor-version":[{"id":894,"href":"https:\/\/kominki-elektryczne.pl\/blog\/wp-json\/wp\/v2\/posts\/893\/revisions\/894"}],"wp:featuredmedia":[{"embeddable":true,"href":"https:\/\/kominki-elektryczne.pl\/blog\/wp-json\/wp\/v2\/media\/891"}],"wp:attachment":[{"href":"https:\/\/kominki-elektryczne.pl\/blog\/wp-json\/wp\/v2\/media?parent=893"}],"wp:term":[{"taxonomy":"category","embeddable":true,"href":"https:\/\/kominki-elektryczne.pl\/blog\/wp-json\/wp\/v2\/categories?post=893"},{"taxonomy":"post_tag","embeddable":true,"href":"https:\/\/kominki-elektryczne.pl\/blog\/wp-json\/wp\/v2\/tags?post=893"}],"curies":[{"name":"wp","href":"https:\/\/api.w.org\/{rel}","templated":true}]}}