{"id":895,"date":"2025-03-04T13:10:09","date_gmt":"2025-03-04T12:10:09","guid":{"rendered":"https:\/\/kominki-elektryczne.pl\/blog\/?p=895"},"modified":"2025-03-04T13:10:11","modified_gmt":"2025-03-04T12:10:11","slug":"caminetti-elettrici-a-parete","status":"publish","type":"post","link":"https:\/\/kominki-elektryczne.pl\/blog\/it\/2025\/03\/04\/caminetti-elettrici-a-parete\/","title":{"rendered":"Caminetti elettrici a parete"},"content":{"rendered":"\n<p>I <a href=\"https:\/\/www.kominki-elektryczne.pl\/it\/szukaj?controller=search&amp;s=parete\">caminetti elettrici a parete<\/a> sono diventati sempre pi\u00f9 popolari tra coloro che cercano soluzioni di riscaldamento eleganti e funzionali. Il marchio AFLAMO offre un&#8217;ampia gamma di modelli che non solo forniscono calore, ma decorano anche gli interni con il loro design moderno. Tra le serie pi\u00f9 popolari ci sono Royal Pro, Majestic Pro, Elite e Pride.<\/p>\n\n\n\n<h2 class=\"wp-block-heading\">Vantaggi dei caminetti elettrici a parete AFLAMO<\/h2>\n\n\n\n<p>Comodit\u00e0 di installazione: I caminetti elettrici AFLAMO sono facili da installare e possono essere appesi direttamente alla parete o integrati in qualsiasi materiale, come cartongesso o mobili.<\/p>\n\n\n\n<p>Sicurezza: questi apparecchi sono sicuri per i bambini e gli animali domestici, emettono poco calore e non richiedono particolari protezioni.<\/p>\n\n\n\n<p>Eleganza e visualit\u00e0: AFLAMO offre caminetti con un effetto fiamma realistico che pu\u00f2 essere regolato tramite telecomando o app mobile, migliorando ulteriormente l&#8217;esperienza dell&#8217;utente.<\/p>\n\n\n\n<figure class=\"wp-block-image size-large\"><img decoding=\"async\" src=\"https:\/\/kominki-elektryczne.com.pl\/wp-content\/uploads\/2025\/03\/MAJESTIC_PRO_aranzacja_2-2-1024x590.jpg\" alt=\"Caminetto elettrico a parete Majestic Pro\" class=\"wp-image-1637\"\/><\/figure>\n\n\n\n<h2 class=\"wp-block-heading\">Serie Royal Pro<\/h2>\n\n\n\n<p><a href=\"https:\/\/www.kominki-elektryczne.pl\/it\/szukaj?controller=search&amp;s=royal+pro\">La serie di caminetti elettrici Royal Pro<\/a> \u00e8 la nuova generazione di caminetti elettrici AFLAMO, caratterizzata da un design minimalista e da un effetto fiamma realistico grazie alla tecnologia AFLAMO PLUS. Disponibile nelle dimensioni da 100 a 180 cm, \u00e8 ideale per l&#8217;installazione a incasso o a parete.2 Inoltre, questi caminetti sono dotati di un altoparlante che riproduce il suono del crepitio della legna, creando un&#8217;esperienza ancora pi\u00f9 realistica.<\/p>\n\n\n\n<h2 class=\"wp-block-heading\">Serie Majestic Pro<\/h2>\n\n\n\n<p><a href=\"https:\/\/www.kominki-elektryczne.pl\/it\/szukaj?controller=search&amp;s=majestic+pro\">La serie di caminetti elettrici Majestic Pro<\/a> offre un&#8217;ampia gamma di dimensioni, da 107 a 213 cm, che consentono al caminetto di adattarsi a qualsiasi interno. Questi caminetti sono dotati di una funzione di riscaldamento da 750\/1500 W, ideale per le giornate pi\u00f9 fredde.<\/p>\n\n\n\n<h2 class=\"wp-block-heading\">Serie Elite<\/h2>\n\n\n\n<p><a href=\"https:\/\/www.kominki-elektryczne.pl\/it\/szukaj?controller=search&amp;s=elite\">La serie di caminetti elettrici Elite<\/a> \u00e8 disponibile in dimensioni da 107 a 213 cm e dispone di una funzione di riscaldamento da 750\/1500 W. Il loro design moderno li rende la scelta ideale per chi apprezza l&#8217;eleganza e la funzionalit\u00e0. Il loro design moderno li rende la scelta ideale per chi apprezza eleganza e funzionalit\u00e0.<\/p>\n\n\n\n<h2 class=\"wp-block-heading\">Serie Pride<\/h2>\n\n\n\n<p><a href=\"https:\/\/www.kominki-elektryczne.pl\/it\/szukaj?controller=search&amp;s=pride\">La serie di caminetti elettrici Pride<\/a> \u00e8 la soluzione ideale per chi cerca un caminetto senza funzione di riscaldamento. \u00c8 disponibile in varie dimensioni, da 92 a 183 cm, e pu\u00f2 essere installato a parete o a incasso.<\/p>\n\n\n\n<h2 class=\"wp-block-heading\">Sintesi<\/h2>\n\n\n\n<p>I caminetti elettrici a parete AFLAMO non sono solo una fonte di calore, ma anche un elemento decorativo che pu\u00f2 aggiungere un tocco unico ai vostri interni. Grazie alla loro flessibilit\u00e0 di installazione e all&#8217;ampia gamma di stili, sono la scelta ideale per chi cerca una soluzione di riscaldamento moderna e funzionale. Scegliendo un caminetto elettrico a parete AFLAMO, potrete godere non solo del calore ma anche della splendida vista della fiamma, che crea un&#8217;atmosfera accogliente nella vostra casa.<\/p>\n\n\n\n<p>E voi quale camino scegliereste?<\/p>\n","protected":false},"excerpt":{"rendered":"<p>I caminetti elettrici a parete sono diventati sempre pi\u00f9 popolari tra coloro che cercano soluzioni di riscaldamento eleganti e funzionali. Il marchio AFLAMO offre un&#8217;ampia gamma di modelli che non solo forniscono calore, ma decorano anche gli interni con il loro design moderno. Tra le &hellip; <\/p>\n","protected":false},"author":1,"featured_media":891,"comment_status":"closed","ping_status":"closed","sticky":false,"template":"","format":"standard","meta":{"footnotes":""},"categories":[33],"tags":[746,752,750,754,748,570,310,362],"class_list":["post-895","post","type-post","status-publish","format-standard","has-post-thumbnail","hentry","category-bez-kategorii-it","tag-caminetti-elettrici-a-parete","tag-caminetti-elettrici-a-parete-elite","tag-caminetti-elettrici-a-parete-majestic-pro","tag-caminetti-elettrici-a-parete-pride","tag-caminetti-elettrici-a-parete-royal-pro","tag-caminetti-royal-pro","tag-caminetto-elettrico","tag-camino-elettrico"],"yoast_head":"<!-- This site is optimized with the Yoast SEO plugin v25.7 - https:\/\/yoast.com\/wordpress\/plugins\/seo\/ -->\n<title>Caminetti elettrici a parete - Kominki-Elektryczne.pl<\/title>\n<meta name=\"robots\" content=\"index, follow, max-snippet:-1, max-image-preview:large, max-video-preview:-1\" \/>\n<link rel=\"canonical\" href=\"https:\/\/kominki-elektryczne.pl\/blog\/it\/2025\/03\/04\/caminetti-elettrici-a-parete\/\" \/>\n<meta property=\"og:locale\" content=\"pl_PL\" \/>\n<meta property=\"og:type\" content=\"article\" \/>\n<meta property=\"og:title\" content=\"Caminetti elettrici a parete - Kominki-Elektryczne.pl\" \/>\n<meta property=\"og:description\" content=\"I caminetti elettrici a parete sono diventati sempre pi\u00f9 popolari tra coloro che cercano soluzioni di riscaldamento eleganti e funzionali. Il marchio AFLAMO offre un&#8217;ampia gamma di modelli che non solo forniscono calore, ma decorano anche gli interni con il loro design moderno. Tra le &hellip;\" \/>\n<meta property=\"og:url\" content=\"https:\/\/kominki-elektryczne.pl\/blog\/it\/2025\/03\/04\/caminetti-elettrici-a-parete\/\" \/>\n<meta property=\"og:site_name\" content=\"Kominki-Elektryczne.pl\" \/>\n<meta property=\"article:publisher\" content=\"https:\/\/www.facebook.com\/elektrycznekominki\" \/>\n<meta property=\"article:published_time\" content=\"2025-03-04T12:10:09+00:00\" \/>\n<meta property=\"article:modified_time\" content=\"2025-03-04T12:10:11+00:00\" \/>\n<meta property=\"og:image\" content=\"https:\/\/kominki-elektryczne.pl\/blog\/wp-content\/uploads\/2025\/03\/MAJESTIC_PRO_aranzacja_2.jpg\" \/>\n\t<meta property=\"og:image:width\" content=\"2058\" \/>\n\t<meta property=\"og:image:height\" content=\"1185\" \/>\n\t<meta property=\"og:image:type\" content=\"image\/jpeg\" \/>\n<meta name=\"author\" content=\"Kominkowy\" \/>\n<meta name=\"twitter:card\" content=\"summary_large_image\" \/>\n<meta name=\"twitter:label1\" content=\"Napisane przez\" \/>\n\t<meta name=\"twitter:data1\" content=\"Kominkowy\" \/>\n\t<meta name=\"twitter:label2\" content=\"Szacowany czas czytania\" \/>\n\t<meta name=\"twitter:data2\" content=\"2 minuty\" \/>\n<script type=\"application\/ld+json\" class=\"yoast-schema-graph\">{\"@context\":\"https:\/\/schema.org\",\"@graph\":[{\"@type\":\"Article\",\"@id\":\"https:\/\/kominki-elektryczne.pl\/blog\/it\/2025\/03\/04\/caminetti-elettrici-a-parete\/#article\",\"isPartOf\":{\"@id\":\"https:\/\/kominki-elektryczne.pl\/blog\/it\/2025\/03\/04\/caminetti-elettrici-a-parete\/\"},\"author\":{\"name\":\"Kominkowy\",\"@id\":\"https:\/\/kominki-elektryczne.pl\/blog\/#\/schema\/person\/045e7544e3e90364f5f82cc509123089\"},\"headline\":\"Caminetti elettrici a parete\",\"datePublished\":\"2025-03-04T12:10:09+00:00\",\"dateModified\":\"2025-03-04T12:10:11+00:00\",\"mainEntityOfPage\":{\"@id\":\"https:\/\/kominki-elektryczne.pl\/blog\/it\/2025\/03\/04\/caminetti-elettrici-a-parete\/\"},\"wordCount\":426,\"publisher\":{\"@id\":\"https:\/\/kominki-elektryczne.pl\/blog\/#organization\"},\"image\":{\"@id\":\"https:\/\/kominki-elektryczne.pl\/blog\/it\/2025\/03\/04\/caminetti-elettrici-a-parete\/#primaryimage\"},\"thumbnailUrl\":\"https:\/\/kominki-elektryczne.pl\/blog\/wp-content\/uploads\/2025\/03\/MAJESTIC_PRO_aranzacja_2.jpg\",\"keywords\":[\"Caminetti elettrici a parete\",\"Caminetti elettrici a parete elite\",\"Caminetti elettrici a parete Majestic Pro\",\"Caminetti elettrici a parete Pride\",\"Caminetti elettrici a parete Royal pro\",\"caminetti Royal Pro\",\"caminetto elettrico\",\"camino elettrico\"],\"inLanguage\":\"pl-PL\"},{\"@type\":\"WebPage\",\"@id\":\"https:\/\/kominki-elektryczne.pl\/blog\/it\/2025\/03\/04\/caminetti-elettrici-a-parete\/\",\"url\":\"https:\/\/kominki-elektryczne.pl\/blog\/it\/2025\/03\/04\/caminetti-elettrici-a-parete\/\",\"name\":\"Caminetti elettrici a parete - Kominki-Elektryczne.pl\",\"isPartOf\":{\"@id\":\"https:\/\/kominki-elektryczne.pl\/blog\/#website\"},\"primaryImageOfPage\":{\"@id\":\"https:\/\/kominki-elektryczne.pl\/blog\/it\/2025\/03\/04\/caminetti-elettrici-a-parete\/#primaryimage\"},\"image\":{\"@id\":\"https:\/\/kominki-elektryczne.pl\/blog\/it\/2025\/03\/04\/caminetti-elettrici-a-parete\/#primaryimage\"},\"thumbnailUrl\":\"https:\/\/kominki-elektryczne.pl\/blog\/wp-content\/uploads\/2025\/03\/MAJESTIC_PRO_aranzacja_2.jpg\",\"datePublished\":\"2025-03-04T12:10:09+00:00\",\"dateModified\":\"2025-03-04T12:10:11+00:00\",\"breadcrumb\":{\"@id\":\"https:\/\/kominki-elektryczne.pl\/blog\/it\/2025\/03\/04\/caminetti-elettrici-a-parete\/#breadcrumb\"},\"inLanguage\":\"pl-PL\",\"potentialAction\":[{\"@type\":\"ReadAction\",\"target\":[\"https:\/\/kominki-elektryczne.pl\/blog\/it\/2025\/03\/04\/caminetti-elettrici-a-parete\/\"]}]},{\"@type\":\"ImageObject\",\"inLanguage\":\"pl-PL\",\"@id\":\"https:\/\/kominki-elektryczne.pl\/blog\/it\/2025\/03\/04\/caminetti-elettrici-a-parete\/#primaryimage\",\"url\":\"https:\/\/kominki-elektryczne.pl\/blog\/wp-content\/uploads\/2025\/03\/MAJESTIC_PRO_aranzacja_2.jpg\",\"contentUrl\":\"https:\/\/kominki-elektryczne.pl\/blog\/wp-content\/uploads\/2025\/03\/MAJESTIC_PRO_aranzacja_2.jpg\",\"width\":2058,\"height\":1185},{\"@type\":\"BreadcrumbList\",\"@id\":\"https:\/\/kominki-elektryczne.pl\/blog\/it\/2025\/03\/04\/caminetti-elettrici-a-parete\/#breadcrumb\",\"itemListElement\":[{\"@type\":\"ListItem\",\"position\":1,\"name\":\"Strona g\u0142\u00f3wna\",\"item\":\"https:\/\/kominki-elektryczne.pl\/blog\/\"},{\"@type\":\"ListItem\",\"position\":2,\"name\":\"Caminetti elettrici a parete\"}]},{\"@type\":\"WebSite\",\"@id\":\"https:\/\/kominki-elektryczne.pl\/blog\/#website\",\"url\":\"https:\/\/kominki-elektryczne.pl\/blog\/\",\"name\":\"Kominki-Elektryczne.pl\",\"description\":\"Opisy - Porady - Recenzje\",\"publisher\":{\"@id\":\"https:\/\/kominki-elektryczne.pl\/blog\/#organization\"},\"potentialAction\":[{\"@type\":\"SearchAction\",\"target\":{\"@type\":\"EntryPoint\",\"urlTemplate\":\"https:\/\/kominki-elektryczne.pl\/blog\/?s={search_term_string}\"},\"query-input\":{\"@type\":\"PropertyValueSpecification\",\"valueRequired\":true,\"valueName\":\"search_term_string\"}}],\"inLanguage\":\"pl-PL\"},{\"@type\":\"Organization\",\"@id\":\"https:\/\/kominki-elektryczne.pl\/blog\/#organization\",\"name\":\"Kominki-Elektryczne.pl\",\"url\":\"https:\/\/kominki-elektryczne.pl\/blog\/\",\"logo\":{\"@type\":\"ImageObject\",\"inLanguage\":\"pl-PL\",\"@id\":\"https:\/\/kominki-elektryczne.pl\/blog\/#\/schema\/logo\/image\/\",\"url\":\"https:\/\/kominki-elektryczne.pl\/blog\/wp-content\/uploads\/2025\/04\/cropped-LogoAflamo.jpg\",\"contentUrl\":\"https:\/\/kominki-elektryczne.pl\/blog\/wp-content\/uploads\/2025\/04\/cropped-LogoAflamo.jpg\",\"width\":200,\"height\":58,\"caption\":\"Kominki-Elektryczne.pl\"},\"image\":{\"@id\":\"https:\/\/kominki-elektryczne.pl\/blog\/#\/schema\/logo\/image\/\"},\"sameAs\":[\"https:\/\/www.facebook.com\/elektrycznekominki\"]},{\"@type\":\"Person\",\"@id\":\"https:\/\/kominki-elektryczne.pl\/blog\/#\/schema\/person\/045e7544e3e90364f5f82cc509123089\",\"name\":\"Kominkowy\",\"image\":{\"@type\":\"ImageObject\",\"inLanguage\":\"pl-PL\",\"@id\":\"https:\/\/kominki-elektryczne.pl\/blog\/#\/schema\/person\/image\/\",\"url\":\"https:\/\/secure.gravatar.com\/avatar\/8c15720599195e8ba4119df2db28ce7e?s=96&d=mm&r=g\",\"contentUrl\":\"https:\/\/secure.gravatar.com\/avatar\/8c15720599195e8ba4119df2db28ce7e?s=96&d=mm&r=g\",\"caption\":\"Kominkowy\"},\"sameAs\":[\"http:\/\/www.kominki-elektryczne.pl\"],\"url\":\"https:\/\/kominki-elektryczne.pl\/blog\/author\/led-handel\/\"}]}<\/script>\n<!-- \/ Yoast SEO plugin. -->","yoast_head_json":{"title":"Caminetti elettrici a parete - Kominki-Elektryczne.pl","robots":{"index":"index","follow":"follow","max-snippet":"max-snippet:-1","max-image-preview":"max-image-preview:large","max-video-preview":"max-video-preview:-1"},"canonical":"https:\/\/kominki-elektryczne.pl\/blog\/it\/2025\/03\/04\/caminetti-elettrici-a-parete\/","og_locale":"pl_PL","og_type":"article","og_title":"Caminetti elettrici a parete - Kominki-Elektryczne.pl","og_description":"I caminetti elettrici a parete sono diventati sempre pi\u00f9 popolari tra coloro che cercano soluzioni di riscaldamento eleganti e funzionali. Il marchio AFLAMO offre un&#8217;ampia gamma di modelli che non solo forniscono calore, ma decorano anche gli interni con il loro design moderno. Tra le &hellip;","og_url":"https:\/\/kominki-elektryczne.pl\/blog\/it\/2025\/03\/04\/caminetti-elettrici-a-parete\/","og_site_name":"Kominki-Elektryczne.pl","article_publisher":"https:\/\/www.facebook.com\/elektrycznekominki","article_published_time":"2025-03-04T12:10:09+00:00","article_modified_time":"2025-03-04T12:10:11+00:00","og_image":[{"width":2058,"height":1185,"url":"https:\/\/kominki-elektryczne.pl\/blog\/wp-content\/uploads\/2025\/03\/MAJESTIC_PRO_aranzacja_2.jpg","type":"image\/jpeg"}],"author":"Kominkowy","twitter_card":"summary_large_image","twitter_misc":{"Napisane przez":"Kominkowy","Szacowany czas czytania":"2 minuty"},"schema":{"@context":"https:\/\/schema.org","@graph":[{"@type":"Article","@id":"https:\/\/kominki-elektryczne.pl\/blog\/it\/2025\/03\/04\/caminetti-elettrici-a-parete\/#article","isPartOf":{"@id":"https:\/\/kominki-elektryczne.pl\/blog\/it\/2025\/03\/04\/caminetti-elettrici-a-parete\/"},"author":{"name":"Kominkowy","@id":"https:\/\/kominki-elektryczne.pl\/blog\/#\/schema\/person\/045e7544e3e90364f5f82cc509123089"},"headline":"Caminetti elettrici a parete","datePublished":"2025-03-04T12:10:09+00:00","dateModified":"2025-03-04T12:10:11+00:00","mainEntityOfPage":{"@id":"https:\/\/kominki-elektryczne.pl\/blog\/it\/2025\/03\/04\/caminetti-elettrici-a-parete\/"},"wordCount":426,"publisher":{"@id":"https:\/\/kominki-elektryczne.pl\/blog\/#organization"},"image":{"@id":"https:\/\/kominki-elektryczne.pl\/blog\/it\/2025\/03\/04\/caminetti-elettrici-a-parete\/#primaryimage"},"thumbnailUrl":"https:\/\/kominki-elektryczne.pl\/blog\/wp-content\/uploads\/2025\/03\/MAJESTIC_PRO_aranzacja_2.jpg","keywords":["Caminetti elettrici a parete","Caminetti elettrici a parete elite","Caminetti elettrici a parete Majestic Pro","Caminetti elettrici a parete Pride","Caminetti elettrici a parete Royal pro","caminetti Royal Pro","caminetto elettrico","camino elettrico"],"inLanguage":"pl-PL"},{"@type":"WebPage","@id":"https:\/\/kominki-elektryczne.pl\/blog\/it\/2025\/03\/04\/caminetti-elettrici-a-parete\/","url":"https:\/\/kominki-elektryczne.pl\/blog\/it\/2025\/03\/04\/caminetti-elettrici-a-parete\/","name":"Caminetti elettrici a parete - Kominki-Elektryczne.pl","isPartOf":{"@id":"https:\/\/kominki-elektryczne.pl\/blog\/#website"},"primaryImageOfPage":{"@id":"https:\/\/kominki-elektryczne.pl\/blog\/it\/2025\/03\/04\/caminetti-elettrici-a-parete\/#primaryimage"},"image":{"@id":"https:\/\/kominki-elektryczne.pl\/blog\/it\/2025\/03\/04\/caminetti-elettrici-a-parete\/#primaryimage"},"thumbnailUrl":"https:\/\/kominki-elektryczne.pl\/blog\/wp-content\/uploads\/2025\/03\/MAJESTIC_PRO_aranzacja_2.jpg","datePublished":"2025-03-04T12:10:09+00:00","dateModified":"2025-03-04T12:10:11+00:00","breadcrumb":{"@id":"https:\/\/kominki-elektryczne.pl\/blog\/it\/2025\/03\/04\/caminetti-elettrici-a-parete\/#breadcrumb"},"inLanguage":"pl-PL","potentialAction":[{"@type":"ReadAction","target":["https:\/\/kominki-elektryczne.pl\/blog\/it\/2025\/03\/04\/caminetti-elettrici-a-parete\/"]}]},{"@type":"ImageObject","inLanguage":"pl-PL","@id":"https:\/\/kominki-elektryczne.pl\/blog\/it\/2025\/03\/04\/caminetti-elettrici-a-parete\/#primaryimage","url":"https:\/\/kominki-elektryczne.pl\/blog\/wp-content\/uploads\/2025\/03\/MAJESTIC_PRO_aranzacja_2.jpg","contentUrl":"https:\/\/kominki-elektryczne.pl\/blog\/wp-content\/uploads\/2025\/03\/MAJESTIC_PRO_aranzacja_2.jpg","width":2058,"height":1185},{"@type":"BreadcrumbList","@id":"https:\/\/kominki-elektryczne.pl\/blog\/it\/2025\/03\/04\/caminetti-elettrici-a-parete\/#breadcrumb","itemListElement":[{"@type":"ListItem","position":1,"name":"Strona g\u0142\u00f3wna","item":"https:\/\/kominki-elektryczne.pl\/blog\/"},{"@type":"ListItem","position":2,"name":"Caminetti elettrici a parete"}]},{"@type":"WebSite","@id":"https:\/\/kominki-elektryczne.pl\/blog\/#website","url":"https:\/\/kominki-elektryczne.pl\/blog\/","name":"Kominki-Elektryczne.pl","description":"Opisy - Porady - Recenzje","publisher":{"@id":"https:\/\/kominki-elektryczne.pl\/blog\/#organization"},"potentialAction":[{"@type":"SearchAction","target":{"@type":"EntryPoint","urlTemplate":"https:\/\/kominki-elektryczne.pl\/blog\/?s={search_term_string}"},"query-input":{"@type":"PropertyValueSpecification","valueRequired":true,"valueName":"search_term_string"}}],"inLanguage":"pl-PL"},{"@type":"Organization","@id":"https:\/\/kominki-elektryczne.pl\/blog\/#organization","name":"Kominki-Elektryczne.pl","url":"https:\/\/kominki-elektryczne.pl\/blog\/","logo":{"@type":"ImageObject","inLanguage":"pl-PL","@id":"https:\/\/kominki-elektryczne.pl\/blog\/#\/schema\/logo\/image\/","url":"https:\/\/kominki-elektryczne.pl\/blog\/wp-content\/uploads\/2025\/04\/cropped-LogoAflamo.jpg","contentUrl":"https:\/\/kominki-elektryczne.pl\/blog\/wp-content\/uploads\/2025\/04\/cropped-LogoAflamo.jpg","width":200,"height":58,"caption":"Kominki-Elektryczne.pl"},"image":{"@id":"https:\/\/kominki-elektryczne.pl\/blog\/#\/schema\/logo\/image\/"},"sameAs":["https:\/\/www.facebook.com\/elektrycznekominki"]},{"@type":"Person","@id":"https:\/\/kominki-elektryczne.pl\/blog\/#\/schema\/person\/045e7544e3e90364f5f82cc509123089","name":"Kominkowy","image":{"@type":"ImageObject","inLanguage":"pl-PL","@id":"https:\/\/kominki-elektryczne.pl\/blog\/#\/schema\/person\/image\/","url":"https:\/\/secure.gravatar.com\/avatar\/8c15720599195e8ba4119df2db28ce7e?s=96&d=mm&r=g","contentUrl":"https:\/\/secure.gravatar.com\/avatar\/8c15720599195e8ba4119df2db28ce7e?s=96&d=mm&r=g","caption":"Kominkowy"},"sameAs":["http:\/\/www.kominki-elektryczne.pl"],"url":"https:\/\/kominki-elektryczne.pl\/blog\/author\/led-handel\/"}]}},"_links":{"self":[{"href":"https:\/\/kominki-elektryczne.pl\/blog\/wp-json\/wp\/v2\/posts\/895","targetHints":{"allow":["GET"]}}],"collection":[{"href":"https:\/\/kominki-elektryczne.pl\/blog\/wp-json\/wp\/v2\/posts"}],"about":[{"href":"https:\/\/kominki-elektryczne.pl\/blog\/wp-json\/wp\/v2\/types\/post"}],"author":[{"embeddable":true,"href":"https:\/\/kominki-elektryczne.pl\/blog\/wp-json\/wp\/v2\/users\/1"}],"replies":[{"embeddable":true,"href":"https:\/\/kominki-elektryczne.pl\/blog\/wp-json\/wp\/v2\/comments?post=895"}],"version-history":[{"count":1,"href":"https:\/\/kominki-elektryczne.pl\/blog\/wp-json\/wp\/v2\/posts\/895\/revisions"}],"predecessor-version":[{"id":896,"href":"https:\/\/kominki-elektryczne.pl\/blog\/wp-json\/wp\/v2\/posts\/895\/revisions\/896"}],"wp:featuredmedia":[{"embeddable":true,"href":"https:\/\/kominki-elektryczne.pl\/blog\/wp-json\/wp\/v2\/media\/891"}],"wp:attachment":[{"href":"https:\/\/kominki-elektryczne.pl\/blog\/wp-json\/wp\/v2\/media?parent=895"}],"wp:term":[{"taxonomy":"category","embeddable":true,"href":"https:\/\/kominki-elektryczne.pl\/blog\/wp-json\/wp\/v2\/categories?post=895"},{"taxonomy":"post_tag","embeddable":true,"href":"https:\/\/kominki-elektryczne.pl\/blog\/wp-json\/wp\/v2\/tags?post=895"}],"curies":[{"name":"wp","href":"https:\/\/api.w.org\/{rel}","templated":true}]}}