{"id":917,"date":"2025-03-21T11:08:03","date_gmt":"2025-03-21T10:08:03","guid":{"rendered":"https:\/\/kominki-elektryczne.pl\/blog\/?p=917"},"modified":"2025-03-21T11:08:04","modified_gmt":"2025-03-21T10:08:04","slug":"caminetti-elettrici-aflamo-majestic-majestic-pro-ed-elite","status":"publish","type":"post","link":"https:\/\/kominki-elektryczne.pl\/blog\/it\/2025\/03\/21\/caminetti-elettrici-aflamo-majestic-majestic-pro-ed-elite\/","title":{"rendered":"Caminetti elettrici AFLAMO: Majestic, Majestic PRO ed Elite"},"content":{"rendered":"\n<p>I caminetti elettrici AFLAMO sono caminetti che si adattano perfettamente agli interni moderni e classici. Tra questi, spiccano le serie Majestic, Majestic PRO ed Elite, ognuna con caratteristiche e vantaggi unici. Di seguito sono riportate le caratteristiche di questi modelli, tenendo conto delle loro differenze e dei loro vantaggi.<\/p>\n\n\n\n<h2 class=\"wp-block-heading\">Camino elettrico Majestic<\/h2>\n\n\n\n<p>La gamma di caminetti Majestic \u00e8 disponibile in diverse larghezze, da 66 a 183 cm, per adattarsi a qualsiasi ambiente. Sono progettati per essere sia incassati che montati a parete. Il <a href=\"https:\/\/www.kominki-elektryczne.pl\/it\/szukaj?controller=search&amp;s=majestic\">caminetto elettrico Majestic<\/a> offre una funzione di riscaldamento da 750\/1500 W, rendendoli <a href=\"https:\/\/www.kominki-elektryczne.pl\/it\/16-caminetti-elettrici-a-led-a-parete-funzione-di-riscaldamento\">caminetti elettrici ideali con funzione di riscaldamento<\/a>. Il loro design \u00e8 moderno e la fiamma \u00e8 riprodotta in modo realistico, anche se non \u00e8 cos\u00ec avanzata come nei modelli PRO.<\/p>\n\n\n\n<figure class=\"wp-block-image size-large\"><img decoding=\"async\" src=\"https:\/\/kominki-elektryczne.com.pl\/wp-content\/uploads\/2025\/03\/majestic-100-czarny-4-2-1024x615.jpg\" alt=\"caminetto elettrico aflamo Majestic\" class=\"wp-image-1664\"\/><\/figure>\n\n\n\n<h2 class=\"wp-block-heading\">Caminetto elettrico Majestic PRO<\/h2>\n\n\n\n<p>Il <a href=\"https:\/\/www.kominki-elektryczne.pl\/it\/szukaj?controller=search&amp;s=majestic+pro\">caminetto elettrico Majestic PRO<\/a> \u00e8 la nuova generazione di caminetti AFLAMO, dotati della rivoluzionaria tecnologia AFLAMO PLUS. Offre fino a 10 colori di fiamma e illuminazione del focolare, oltre a tre velocit\u00e0 di fiamma, che consentono di regolare perfettamente l&#8217;atmosfera in ogni stanza. Inoltre, questo caminetto \u00e8 dotato di un altoparlante incorporato che emette il suono del crepitio della legna per creare un&#8217;atmosfera accogliente. Questo \u00e8 il perfetto <a href=\"https:\/\/www.kominki-elektryczne.pl\/it\/17-caminetti-elettrici-angolari\">caminetto elettrico con suono<\/a>. Pu\u00f2 essere controllato con il telecomando o con l&#8217;app mobile, oltre che con i comandi vocali di Amazon Alexa.<\/p>\n\n\n\n<figure class=\"wp-block-image size-large\"><img decoding=\"async\" src=\"https:\/\/kominki-elektryczne.com.pl\/wp-content\/uploads\/2025\/03\/MAJESTIC_PRO_aranzacja_2-5-1024x590.jpg\" alt=\"caminetto elettrico aflamo Majestic Pro\" class=\"wp-image-1665\"\/><\/figure>\n\n\n\n<h2 class=\"wp-block-heading\">Caminetto elettrico Elite<\/h2>\n\n\n\n<p>I <a href=\"https:\/\/www.kominki-elektryczne.pl\/it\/szukaj?controller=search&amp;s=elite\">caminetti elettrici Elite<\/a> sono disponibili in larghezze da 107 a 213 cm e sono progettati per essere incassati o montati a parete. Offrono una funzione di riscaldamento da 750\/1500 W, rendendoli caminetti elettrici popolari con funzione di riscaldamento. Il loro design \u00e8 elegante e moderno. Si differenzia dal caminetto Majestic PRO per le cornici pi\u00f9 sottili e per la presenza di una sola uscita d&#8217;aria nella parte anteriore. Ci\u00f2 che ha in comune con questo caminetto \u00e8 che ha esattamente la stessa funzione e le stesse dimensioni.<\/p>\n\n\n\n<figure class=\"wp-block-image size-large\"><img decoding=\"async\" src=\"https:\/\/kominki-elektryczne.com.pl\/wp-content\/uploads\/2025\/03\/Elite_room-shot_1-2-1024x576.jpg\" alt=\"caminetto elettrico aflamo Elite\" class=\"wp-image-1666\"\/><\/figure>\n\n\n\n<h2 class=\"wp-block-heading\">Differenze e vantaggi<\/h2>\n\n\n\n<p>Majestic: ideale per chi cerca funzioni di riscaldamento di base e un design esteticamente gradevole.<\/p>\n\n\n\n<p>Majestic PRO: Perfetto per chi desidera funzioni pi\u00f9 avanzate, come la pi\u00f9 recente tecnologia di fiamma AFLAMO PLUS, il suono e un&#8217;applicazione mobile.<\/p>\n\n\n\n<p>Elite: la scelta per chi apprezza l&#8217;eleganza e la semplicit\u00e0 combinate con la funzionalit\u00e0 di riscaldamento e con una fiamma e un suono meravigliosamente realistici.<\/p>\n\n\n\n<p>Tutti i caminetti elettrici AFLAMO sono efficienti dal punto di vista energetico e non richiedono ventilazione aggiuntiva, il che li rende ideali per gli interni in cui il comfort e la sicurezza sono una priorit\u00e0. Possono essere installati come caminetti elettrici monofacciali, il che li rende facilmente integrabili in diversi design di interni.<\/p>\n\n\n\n<p>Se cercate un <a href=\"https:\/\/www.kominki-elektryczne.pl\/it\/\">caminetto elettrico AFLAMO<\/a> che combini funzionalit\u00e0, estetica e tecnologia moderna, le serie Majestic, Majestic PRO ed Elite sono una scelta eccellente. Ognuno di questi modelli offre caratteristiche uniche in grado di soddisfare le vostre aspettative in termini di comfort e arredamento.<\/p>\n","protected":false},"excerpt":{"rendered":"<p>I caminetti elettrici AFLAMO sono caminetti che si adattano perfettamente agli interni moderni e classici. Tra questi, spiccano le serie Majestic, Majestic PRO ed Elite, ognuna con caratteristiche e vantaggi unici. Di seguito sono riportate le caratteristiche di questi modelli, tenendo conto delle loro differenze &hellip; <\/p>\n","protected":false},"author":1,"featured_media":910,"comment_status":"closed","ping_status":"closed","sticky":false,"template":"","format":"standard","meta":{"footnotes":""},"categories":[33],"tags":[805,793,316,310,362,367,314,312],"class_list":["post-917","post","type-post","status-publish","format-standard","has-post-thumbnail","hentry","category-bez-kategorii-it","tag-caminetti-elettrici-con-funzione-di-riscaldamento","tag-caminetti-elettrici-elite","tag-caminetto-a-led","tag-caminetto-elettrico","tag-camino-elettrico","tag-camino-incorporato","tag-camino-senza-funzione-di-riscaldamento","tag-camino-senza-riscaldamento"],"yoast_head":"<!-- This site is optimized with the Yoast SEO plugin v25.7 - https:\/\/yoast.com\/wordpress\/plugins\/seo\/ -->\n<title>Caminetti elettrici AFLAMO: Majestic, Majestic PRO ed Elite - Kominki-Elektryczne.pl<\/title>\n<meta name=\"robots\" content=\"index, follow, max-snippet:-1, max-image-preview:large, max-video-preview:-1\" \/>\n<link rel=\"canonical\" href=\"https:\/\/kominki-elektryczne.pl\/blog\/it\/2025\/03\/21\/caminetti-elettrici-aflamo-majestic-majestic-pro-ed-elite\/\" \/>\n<meta property=\"og:locale\" content=\"pl_PL\" \/>\n<meta property=\"og:type\" content=\"article\" \/>\n<meta property=\"og:title\" content=\"Caminetti elettrici AFLAMO: Majestic, Majestic PRO ed Elite - Kominki-Elektryczne.pl\" \/>\n<meta property=\"og:description\" content=\"I caminetti elettrici AFLAMO sono caminetti che si adattano perfettamente agli interni moderni e classici. Tra questi, spiccano le serie Majestic, Majestic PRO ed Elite, ognuna con caratteristiche e vantaggi unici. Di seguito sono riportate le caratteristiche di questi modelli, tenendo conto delle loro differenze &hellip;\" \/>\n<meta property=\"og:url\" content=\"https:\/\/kominki-elektryczne.pl\/blog\/it\/2025\/03\/21\/caminetti-elettrici-aflamo-majestic-majestic-pro-ed-elite\/\" \/>\n<meta property=\"og:site_name\" content=\"Kominki-Elektryczne.pl\" \/>\n<meta property=\"article:publisher\" content=\"https:\/\/www.facebook.com\/elektrycznekominki\" \/>\n<meta property=\"article:published_time\" content=\"2025-03-21T10:08:03+00:00\" \/>\n<meta property=\"article:modified_time\" content=\"2025-03-21T10:08:04+00:00\" \/>\n<meta property=\"og:image\" content=\"https:\/\/kominki-elektryczne.pl\/blog\/wp-content\/uploads\/2025\/03\/majestic-100-czarny-4.jpg\" \/>\n\t<meta property=\"og:image:width\" content=\"1706\" \/>\n\t<meta property=\"og:image:height\" content=\"1024\" \/>\n\t<meta property=\"og:image:type\" content=\"image\/jpeg\" \/>\n<meta name=\"author\" content=\"Kominkowy\" \/>\n<meta name=\"twitter:card\" content=\"summary_large_image\" \/>\n<meta name=\"twitter:label1\" content=\"Napisane przez\" \/>\n\t<meta name=\"twitter:data1\" content=\"Kominkowy\" \/>\n\t<meta name=\"twitter:label2\" content=\"Szacowany czas czytania\" \/>\n\t<meta name=\"twitter:data2\" content=\"2 minuty\" \/>\n<script type=\"application\/ld+json\" class=\"yoast-schema-graph\">{\"@context\":\"https:\/\/schema.org\",\"@graph\":[{\"@type\":\"Article\",\"@id\":\"https:\/\/kominki-elektryczne.pl\/blog\/it\/2025\/03\/21\/caminetti-elettrici-aflamo-majestic-majestic-pro-ed-elite\/#article\",\"isPartOf\":{\"@id\":\"https:\/\/kominki-elektryczne.pl\/blog\/it\/2025\/03\/21\/caminetti-elettrici-aflamo-majestic-majestic-pro-ed-elite\/\"},\"author\":{\"name\":\"Kominkowy\",\"@id\":\"https:\/\/kominki-elektryczne.pl\/blog\/#\/schema\/person\/045e7544e3e90364f5f82cc509123089\"},\"headline\":\"Caminetti elettrici AFLAMO: Majestic, Majestic PRO ed Elite\",\"datePublished\":\"2025-03-21T10:08:03+00:00\",\"dateModified\":\"2025-03-21T10:08:04+00:00\",\"mainEntityOfPage\":{\"@id\":\"https:\/\/kominki-elektryczne.pl\/blog\/it\/2025\/03\/21\/caminetti-elettrici-aflamo-majestic-majestic-pro-ed-elite\/\"},\"wordCount\":467,\"publisher\":{\"@id\":\"https:\/\/kominki-elektryczne.pl\/blog\/#organization\"},\"image\":{\"@id\":\"https:\/\/kominki-elektryczne.pl\/blog\/it\/2025\/03\/21\/caminetti-elettrici-aflamo-majestic-majestic-pro-ed-elite\/#primaryimage\"},\"thumbnailUrl\":\"https:\/\/kominki-elektryczne.pl\/blog\/wp-content\/uploads\/2025\/03\/majestic-100-czarny-4.jpg\",\"keywords\":[\"caminetti elettrici con funzione di riscaldamento\",\"caminetti elettrici Elite\",\"caminetto a led\",\"caminetto elettrico\",\"camino elettrico\",\"camino incorporato\",\"camino senza funzione di riscaldamento\",\"camino senza riscaldamento\"],\"inLanguage\":\"pl-PL\"},{\"@type\":\"WebPage\",\"@id\":\"https:\/\/kominki-elektryczne.pl\/blog\/it\/2025\/03\/21\/caminetti-elettrici-aflamo-majestic-majestic-pro-ed-elite\/\",\"url\":\"https:\/\/kominki-elektryczne.pl\/blog\/it\/2025\/03\/21\/caminetti-elettrici-aflamo-majestic-majestic-pro-ed-elite\/\",\"name\":\"Caminetti elettrici AFLAMO: Majestic, Majestic PRO ed Elite - Kominki-Elektryczne.pl\",\"isPartOf\":{\"@id\":\"https:\/\/kominki-elektryczne.pl\/blog\/#website\"},\"primaryImageOfPage\":{\"@id\":\"https:\/\/kominki-elektryczne.pl\/blog\/it\/2025\/03\/21\/caminetti-elettrici-aflamo-majestic-majestic-pro-ed-elite\/#primaryimage\"},\"image\":{\"@id\":\"https:\/\/kominki-elektryczne.pl\/blog\/it\/2025\/03\/21\/caminetti-elettrici-aflamo-majestic-majestic-pro-ed-elite\/#primaryimage\"},\"thumbnailUrl\":\"https:\/\/kominki-elektryczne.pl\/blog\/wp-content\/uploads\/2025\/03\/majestic-100-czarny-4.jpg\",\"datePublished\":\"2025-03-21T10:08:03+00:00\",\"dateModified\":\"2025-03-21T10:08:04+00:00\",\"breadcrumb\":{\"@id\":\"https:\/\/kominki-elektryczne.pl\/blog\/it\/2025\/03\/21\/caminetti-elettrici-aflamo-majestic-majestic-pro-ed-elite\/#breadcrumb\"},\"inLanguage\":\"pl-PL\",\"potentialAction\":[{\"@type\":\"ReadAction\",\"target\":[\"https:\/\/kominki-elektryczne.pl\/blog\/it\/2025\/03\/21\/caminetti-elettrici-aflamo-majestic-majestic-pro-ed-elite\/\"]}]},{\"@type\":\"ImageObject\",\"inLanguage\":\"pl-PL\",\"@id\":\"https:\/\/kominki-elektryczne.pl\/blog\/it\/2025\/03\/21\/caminetti-elettrici-aflamo-majestic-majestic-pro-ed-elite\/#primaryimage\",\"url\":\"https:\/\/kominki-elektryczne.pl\/blog\/wp-content\/uploads\/2025\/03\/majestic-100-czarny-4.jpg\",\"contentUrl\":\"https:\/\/kominki-elektryczne.pl\/blog\/wp-content\/uploads\/2025\/03\/majestic-100-czarny-4.jpg\",\"width\":1706,\"height\":1024},{\"@type\":\"BreadcrumbList\",\"@id\":\"https:\/\/kominki-elektryczne.pl\/blog\/it\/2025\/03\/21\/caminetti-elettrici-aflamo-majestic-majestic-pro-ed-elite\/#breadcrumb\",\"itemListElement\":[{\"@type\":\"ListItem\",\"position\":1,\"name\":\"Strona g\u0142\u00f3wna\",\"item\":\"https:\/\/kominki-elektryczne.pl\/blog\/\"},{\"@type\":\"ListItem\",\"position\":2,\"name\":\"Caminetti elettrici AFLAMO: Majestic, Majestic PRO ed Elite\"}]},{\"@type\":\"WebSite\",\"@id\":\"https:\/\/kominki-elektryczne.pl\/blog\/#website\",\"url\":\"https:\/\/kominki-elektryczne.pl\/blog\/\",\"name\":\"Kominki-Elektryczne.pl\",\"description\":\"Opisy - Porady - Recenzje\",\"publisher\":{\"@id\":\"https:\/\/kominki-elektryczne.pl\/blog\/#organization\"},\"potentialAction\":[{\"@type\":\"SearchAction\",\"target\":{\"@type\":\"EntryPoint\",\"urlTemplate\":\"https:\/\/kominki-elektryczne.pl\/blog\/?s={search_term_string}\"},\"query-input\":{\"@type\":\"PropertyValueSpecification\",\"valueRequired\":true,\"valueName\":\"search_term_string\"}}],\"inLanguage\":\"pl-PL\"},{\"@type\":\"Organization\",\"@id\":\"https:\/\/kominki-elektryczne.pl\/blog\/#organization\",\"name\":\"Kominki-Elektryczne.pl\",\"url\":\"https:\/\/kominki-elektryczne.pl\/blog\/\",\"logo\":{\"@type\":\"ImageObject\",\"inLanguage\":\"pl-PL\",\"@id\":\"https:\/\/kominki-elektryczne.pl\/blog\/#\/schema\/logo\/image\/\",\"url\":\"https:\/\/kominki-elektryczne.pl\/blog\/wp-content\/uploads\/2025\/04\/cropped-LogoAflamo.jpg\",\"contentUrl\":\"https:\/\/kominki-elektryczne.pl\/blog\/wp-content\/uploads\/2025\/04\/cropped-LogoAflamo.jpg\",\"width\":200,\"height\":58,\"caption\":\"Kominki-Elektryczne.pl\"},\"image\":{\"@id\":\"https:\/\/kominki-elektryczne.pl\/blog\/#\/schema\/logo\/image\/\"},\"sameAs\":[\"https:\/\/www.facebook.com\/elektrycznekominki\"]},{\"@type\":\"Person\",\"@id\":\"https:\/\/kominki-elektryczne.pl\/blog\/#\/schema\/person\/045e7544e3e90364f5f82cc509123089\",\"name\":\"Kominkowy\",\"image\":{\"@type\":\"ImageObject\",\"inLanguage\":\"pl-PL\",\"@id\":\"https:\/\/kominki-elektryczne.pl\/blog\/#\/schema\/person\/image\/\",\"url\":\"https:\/\/secure.gravatar.com\/avatar\/8c15720599195e8ba4119df2db28ce7e?s=96&d=mm&r=g\",\"contentUrl\":\"https:\/\/secure.gravatar.com\/avatar\/8c15720599195e8ba4119df2db28ce7e?s=96&d=mm&r=g\",\"caption\":\"Kominkowy\"},\"sameAs\":[\"http:\/\/www.kominki-elektryczne.pl\"],\"url\":\"https:\/\/kominki-elektryczne.pl\/blog\/author\/led-handel\/\"}]}<\/script>\n<!-- \/ Yoast SEO plugin. -->","yoast_head_json":{"title":"Caminetti elettrici AFLAMO: Majestic, Majestic PRO ed Elite - Kominki-Elektryczne.pl","robots":{"index":"index","follow":"follow","max-snippet":"max-snippet:-1","max-image-preview":"max-image-preview:large","max-video-preview":"max-video-preview:-1"},"canonical":"https:\/\/kominki-elektryczne.pl\/blog\/it\/2025\/03\/21\/caminetti-elettrici-aflamo-majestic-majestic-pro-ed-elite\/","og_locale":"pl_PL","og_type":"article","og_title":"Caminetti elettrici AFLAMO: Majestic, Majestic PRO ed Elite - Kominki-Elektryczne.pl","og_description":"I caminetti elettrici AFLAMO sono caminetti che si adattano perfettamente agli interni moderni e classici. Tra questi, spiccano le serie Majestic, Majestic PRO ed Elite, ognuna con caratteristiche e vantaggi unici. Di seguito sono riportate le caratteristiche di questi modelli, tenendo conto delle loro differenze &hellip;","og_url":"https:\/\/kominki-elektryczne.pl\/blog\/it\/2025\/03\/21\/caminetti-elettrici-aflamo-majestic-majestic-pro-ed-elite\/","og_site_name":"Kominki-Elektryczne.pl","article_publisher":"https:\/\/www.facebook.com\/elektrycznekominki","article_published_time":"2025-03-21T10:08:03+00:00","article_modified_time":"2025-03-21T10:08:04+00:00","og_image":[{"width":1706,"height":1024,"url":"https:\/\/kominki-elektryczne.pl\/blog\/wp-content\/uploads\/2025\/03\/majestic-100-czarny-4.jpg","type":"image\/jpeg"}],"author":"Kominkowy","twitter_card":"summary_large_image","twitter_misc":{"Napisane przez":"Kominkowy","Szacowany czas czytania":"2 minuty"},"schema":{"@context":"https:\/\/schema.org","@graph":[{"@type":"Article","@id":"https:\/\/kominki-elektryczne.pl\/blog\/it\/2025\/03\/21\/caminetti-elettrici-aflamo-majestic-majestic-pro-ed-elite\/#article","isPartOf":{"@id":"https:\/\/kominki-elektryczne.pl\/blog\/it\/2025\/03\/21\/caminetti-elettrici-aflamo-majestic-majestic-pro-ed-elite\/"},"author":{"name":"Kominkowy","@id":"https:\/\/kominki-elektryczne.pl\/blog\/#\/schema\/person\/045e7544e3e90364f5f82cc509123089"},"headline":"Caminetti elettrici AFLAMO: Majestic, Majestic PRO ed Elite","datePublished":"2025-03-21T10:08:03+00:00","dateModified":"2025-03-21T10:08:04+00:00","mainEntityOfPage":{"@id":"https:\/\/kominki-elektryczne.pl\/blog\/it\/2025\/03\/21\/caminetti-elettrici-aflamo-majestic-majestic-pro-ed-elite\/"},"wordCount":467,"publisher":{"@id":"https:\/\/kominki-elektryczne.pl\/blog\/#organization"},"image":{"@id":"https:\/\/kominki-elektryczne.pl\/blog\/it\/2025\/03\/21\/caminetti-elettrici-aflamo-majestic-majestic-pro-ed-elite\/#primaryimage"},"thumbnailUrl":"https:\/\/kominki-elektryczne.pl\/blog\/wp-content\/uploads\/2025\/03\/majestic-100-czarny-4.jpg","keywords":["caminetti elettrici con funzione di riscaldamento","caminetti elettrici Elite","caminetto a led","caminetto elettrico","camino elettrico","camino incorporato","camino senza funzione di riscaldamento","camino senza riscaldamento"],"inLanguage":"pl-PL"},{"@type":"WebPage","@id":"https:\/\/kominki-elektryczne.pl\/blog\/it\/2025\/03\/21\/caminetti-elettrici-aflamo-majestic-majestic-pro-ed-elite\/","url":"https:\/\/kominki-elektryczne.pl\/blog\/it\/2025\/03\/21\/caminetti-elettrici-aflamo-majestic-majestic-pro-ed-elite\/","name":"Caminetti elettrici AFLAMO: Majestic, Majestic PRO ed Elite - Kominki-Elektryczne.pl","isPartOf":{"@id":"https:\/\/kominki-elektryczne.pl\/blog\/#website"},"primaryImageOfPage":{"@id":"https:\/\/kominki-elektryczne.pl\/blog\/it\/2025\/03\/21\/caminetti-elettrici-aflamo-majestic-majestic-pro-ed-elite\/#primaryimage"},"image":{"@id":"https:\/\/kominki-elektryczne.pl\/blog\/it\/2025\/03\/21\/caminetti-elettrici-aflamo-majestic-majestic-pro-ed-elite\/#primaryimage"},"thumbnailUrl":"https:\/\/kominki-elektryczne.pl\/blog\/wp-content\/uploads\/2025\/03\/majestic-100-czarny-4.jpg","datePublished":"2025-03-21T10:08:03+00:00","dateModified":"2025-03-21T10:08:04+00:00","breadcrumb":{"@id":"https:\/\/kominki-elektryczne.pl\/blog\/it\/2025\/03\/21\/caminetti-elettrici-aflamo-majestic-majestic-pro-ed-elite\/#breadcrumb"},"inLanguage":"pl-PL","potentialAction":[{"@type":"ReadAction","target":["https:\/\/kominki-elektryczne.pl\/blog\/it\/2025\/03\/21\/caminetti-elettrici-aflamo-majestic-majestic-pro-ed-elite\/"]}]},{"@type":"ImageObject","inLanguage":"pl-PL","@id":"https:\/\/kominki-elektryczne.pl\/blog\/it\/2025\/03\/21\/caminetti-elettrici-aflamo-majestic-majestic-pro-ed-elite\/#primaryimage","url":"https:\/\/kominki-elektryczne.pl\/blog\/wp-content\/uploads\/2025\/03\/majestic-100-czarny-4.jpg","contentUrl":"https:\/\/kominki-elektryczne.pl\/blog\/wp-content\/uploads\/2025\/03\/majestic-100-czarny-4.jpg","width":1706,"height":1024},{"@type":"BreadcrumbList","@id":"https:\/\/kominki-elektryczne.pl\/blog\/it\/2025\/03\/21\/caminetti-elettrici-aflamo-majestic-majestic-pro-ed-elite\/#breadcrumb","itemListElement":[{"@type":"ListItem","position":1,"name":"Strona g\u0142\u00f3wna","item":"https:\/\/kominki-elektryczne.pl\/blog\/"},{"@type":"ListItem","position":2,"name":"Caminetti elettrici AFLAMO: Majestic, Majestic PRO ed Elite"}]},{"@type":"WebSite","@id":"https:\/\/kominki-elektryczne.pl\/blog\/#website","url":"https:\/\/kominki-elektryczne.pl\/blog\/","name":"Kominki-Elektryczne.pl","description":"Opisy - Porady - Recenzje","publisher":{"@id":"https:\/\/kominki-elektryczne.pl\/blog\/#organization"},"potentialAction":[{"@type":"SearchAction","target":{"@type":"EntryPoint","urlTemplate":"https:\/\/kominki-elektryczne.pl\/blog\/?s={search_term_string}"},"query-input":{"@type":"PropertyValueSpecification","valueRequired":true,"valueName":"search_term_string"}}],"inLanguage":"pl-PL"},{"@type":"Organization","@id":"https:\/\/kominki-elektryczne.pl\/blog\/#organization","name":"Kominki-Elektryczne.pl","url":"https:\/\/kominki-elektryczne.pl\/blog\/","logo":{"@type":"ImageObject","inLanguage":"pl-PL","@id":"https:\/\/kominki-elektryczne.pl\/blog\/#\/schema\/logo\/image\/","url":"https:\/\/kominki-elektryczne.pl\/blog\/wp-content\/uploads\/2025\/04\/cropped-LogoAflamo.jpg","contentUrl":"https:\/\/kominki-elektryczne.pl\/blog\/wp-content\/uploads\/2025\/04\/cropped-LogoAflamo.jpg","width":200,"height":58,"caption":"Kominki-Elektryczne.pl"},"image":{"@id":"https:\/\/kominki-elektryczne.pl\/blog\/#\/schema\/logo\/image\/"},"sameAs":["https:\/\/www.facebook.com\/elektrycznekominki"]},{"@type":"Person","@id":"https:\/\/kominki-elektryczne.pl\/blog\/#\/schema\/person\/045e7544e3e90364f5f82cc509123089","name":"Kominkowy","image":{"@type":"ImageObject","inLanguage":"pl-PL","@id":"https:\/\/kominki-elektryczne.pl\/blog\/#\/schema\/person\/image\/","url":"https:\/\/secure.gravatar.com\/avatar\/8c15720599195e8ba4119df2db28ce7e?s=96&d=mm&r=g","contentUrl":"https:\/\/secure.gravatar.com\/avatar\/8c15720599195e8ba4119df2db28ce7e?s=96&d=mm&r=g","caption":"Kominkowy"},"sameAs":["http:\/\/www.kominki-elektryczne.pl"],"url":"https:\/\/kominki-elektryczne.pl\/blog\/author\/led-handel\/"}]}},"_links":{"self":[{"href":"https:\/\/kominki-elektryczne.pl\/blog\/wp-json\/wp\/v2\/posts\/917","targetHints":{"allow":["GET"]}}],"collection":[{"href":"https:\/\/kominki-elektryczne.pl\/blog\/wp-json\/wp\/v2\/posts"}],"about":[{"href":"https:\/\/kominki-elektryczne.pl\/blog\/wp-json\/wp\/v2\/types\/post"}],"author":[{"embeddable":true,"href":"https:\/\/kominki-elektryczne.pl\/blog\/wp-json\/wp\/v2\/users\/1"}],"replies":[{"embeddable":true,"href":"https:\/\/kominki-elektryczne.pl\/blog\/wp-json\/wp\/v2\/comments?post=917"}],"version-history":[{"count":1,"href":"https:\/\/kominki-elektryczne.pl\/blog\/wp-json\/wp\/v2\/posts\/917\/revisions"}],"predecessor-version":[{"id":918,"href":"https:\/\/kominki-elektryczne.pl\/blog\/wp-json\/wp\/v2\/posts\/917\/revisions\/918"}],"wp:featuredmedia":[{"embeddable":true,"href":"https:\/\/kominki-elektryczne.pl\/blog\/wp-json\/wp\/v2\/media\/910"}],"wp:attachment":[{"href":"https:\/\/kominki-elektryczne.pl\/blog\/wp-json\/wp\/v2\/media?parent=917"}],"wp:term":[{"taxonomy":"category","embeddable":true,"href":"https:\/\/kominki-elektryczne.pl\/blog\/wp-json\/wp\/v2\/categories?post=917"},{"taxonomy":"post_tag","embeddable":true,"href":"https:\/\/kominki-elektryczne.pl\/blog\/wp-json\/wp\/v2\/tags?post=917"}],"curies":[{"name":"wp","href":"https:\/\/api.w.org\/{rel}","templated":true}]}}