{"id":965,"date":"2025-04-09T14:04:42","date_gmt":"2025-04-09T12:04:42","guid":{"rendered":"https:\/\/kominki-elektryczne.pl\/blog\/?p=965"},"modified":"2025-04-09T14:04:43","modified_gmt":"2025-04-09T12:04:43","slug":"nuovo-unique-pro-un-camino-elettrico-che-trasforma-gli-interni","status":"publish","type":"post","link":"https:\/\/kominki-elektryczne.pl\/blog\/it\/2025\/04\/09\/nuovo-unique-pro-un-camino-elettrico-che-trasforma-gli-interni\/","title":{"rendered":"Nuovo Unique PRO \u2013 Un camino elettrico che trasforma gli interni"},"content":{"rendered":"\n<p>\u00c8 appena apparso sul mercato un nuovo camino elettrico del marchio Aflamo, che offre una nuova qualit\u00e0 della fiamma e molte funzioni aggiuntive.<\/p>\n\n\n\n<p>Unique PRO \u00e8 un moderno <a href=\"https:\/\/www.kominki-elektryczne.pl\/it\/16-caminetti-elettrici-a-led-a-parete-funzione-di-riscaldamento\">camino elettrico da incasso e da parete del marchio Aflamo<\/a>, che unisce funzionalit\u00e0, estetica e tecnologia avanzata. Grazie alle sue caratteristiche uniche, \u00e8 la scelta ideale per chi desidera creare un&#8217;atmosfera calda e accogliente nella propria casa. In questo articolo analizzeremo pi\u00f9 da vicino le caratteristiche distintive che lo distinguono dalla concorrenza.<\/p>\n\n\n\n<figure class=\"wp-block-image size-large\"><img decoding=\"async\" src=\"https:\/\/kominki-elektryczne.com.pl\/wp-content\/uploads\/2025\/04\/Unique_PRO_room_-shot_2-1-1024x576.jpg\" alt=\"camino elettrico UNIQUE PRO\" class=\"wp-image-1706\"\/><\/figure>\n\n\n\n<h2 class=\"wp-block-heading\">Camino elettrico con funzione di riscaldamento<\/h2>\n\n\n\n<p>Una delle caratteristiche pi\u00f9 importanti di Unique PRO \u00e8 la possibilit\u00e0 di regolare la temperatura da 20 a 30 \u00b0C, consentendo di adattare il livello di calore alle proprie esigenze individuali. Il camino \u00e8 dotato di una potenza di riscaldamento a due livelli (750 W e 1500 W), che lo rende perfetto sia per le serate fresche che per i periodi di transizione.&nbsp;La funzione di riscaldamento funziona indipendentemente dall&#8217;effetto fiamma, cos\u00ec potrete godere del fascino visivo del camino tutto l&#8217;anno.<\/p>\n\n\n\n<h2 class=\"wp-block-heading\">Camino elettrico a tre lati \u2013 design minimalista<\/h2>\n\n\n\n<p>Unique PRO \u00e8 caratterizzato da un design compatto, alto solo 39 cm, che ne consente un facile montaggio a incasso o a parete. Il suo design su tre lati offre un&#8217;ampia visione delle fiamme da diverse prospettive, aggiungendo eleganza e modernit\u00e0 all&#8217;interno.&nbsp;Grazie alla sua forma minimalista e alla finitura nera con elementi in metallo e vetro, il camino si adatta perfettamente sia ad ambienti classici che contemporanei.<\/p>\n\n\n\n<h2 class=\"wp-block-heading\">Camino elettrico con suono: esperienza realistica<\/h2>\n\n\n\n<p>Una caratteristica unica di questo modello \u00e8 l&#8217;altoparlante incorporato che emette il suono della legna che brucia. Grazie a questo, gli utenti possono non solo ammirare il realistico effetto fiamma a LED, ma anche immergersi nell&#8217;atmosfera di un vero camino.&nbsp;Grazie a questa soluzione innovativa, Unique PRO riesce a creare un&#8217;atmosfera unica che favorisce il relax.<\/p>\n\n\n\n<h2 class=\"wp-block-heading\">Tecnologia avanzata e facilit\u00e0 d&#8217;uso<\/h2>\n\n\n\n<p>Il <a href=\"https:\/\/www.kominki-elektryczne.pl\/it\/szukaj?controller=search&amp;s=unique+pro\">camino elettrico Aflamo Unique PRO<\/a> offre numerose caratteristiche moderne. Gli utenti possono controllare il dispositivo tramite il telecomando o tramite l&#8217;app mobile disponibile per Android e iOS. Inoltre, il camino supporta i comandi vocali grazie all&#8217;integrazione con Amazon Alexa.\u00a0La possibilit\u00e0 di scegliere tra 15 colori di fiamma e di regolarne l&#8217;intensit\u00e0 consente di personalizzare completamente gli effetti visivi in \u200b\u200bbase al proprio umore o all&#8217;occasione.<\/p>\n\n\n\n<h2 class=\"wp-block-heading\">Perch\u00e9 scegliere Aflamo Unique PRO?<\/h2>\n\n\n\n<p>Effetto fiamma a LED: riproduzione realistica della legna che brucia grazie alla tecnologia AFLAMO PLUS.<br>Il suono della legna che brucia: altoparlante integrato per un&#8217;esperienza completa.<br>Funzione riscaldamento: indipendente dall\u2019effetto fiamma.<br>Design trifacciale: un look moderno che si adatta a qualsiasi interno.<br>Controllo mobile: utilizzo intuitivo tramite app.<\/p>\n\n\n\n<h2 class=\"wp-block-heading\">Riepilogo<\/h2>\n\n\n\n<p>Aflamo Unique PRO \u00e8 la scelta perfetta per chi apprezza la comodit\u00e0, l&#8217;innovazione e l&#8217;estetica. La sua funzionalit\u00e0 lo distingue dagli altri modelli disponibili sul mercato. Se stai cercando una soluzione che trasformi i tuoi interni e crei un&#8217;atmosfera accogliente tutto l&#8217;anno, Unique PRO \u00e8 la scelta perfetta.<\/p>\n\n\n\n<p>Fatemi sapere cosa ne pensate di questo camino.<br>Alla prossima \ud83d\ude42<\/p>\n","protected":false},"excerpt":{"rendered":"<p>\u00c8 appena apparso sul mercato un nuovo camino elettrico del marchio Aflamo, che offre una nuova qualit\u00e0 della fiamma e molte funzioni aggiuntive. Unique PRO \u00e8 un moderno camino elettrico da incasso e da parete del marchio Aflamo, che unisce funzionalit\u00e0, estetica e tecnologia avanzata. &hellip; <\/p>\n","protected":false},"author":1,"featured_media":870,"comment_status":"closed","ping_status":"closed","sticky":false,"template":"","format":"standard","meta":{"footnotes":""},"categories":[33],"tags":[570,316,310,362,367,314,312,364],"class_list":["post-965","post","type-post","status-publish","format-standard","has-post-thumbnail","hentry","category-bez-kategorii-it","tag-caminetti-royal-pro","tag-caminetto-a-led","tag-caminetto-elettrico","tag-camino-elettrico","tag-camino-incorporato","tag-camino-senza-funzione-di-riscaldamento","tag-camino-senza-riscaldamento","tag-camino-superb"],"yoast_head":"<!-- This site is optimized with the Yoast SEO plugin v25.7 - https:\/\/yoast.com\/wordpress\/plugins\/seo\/ -->\n<title>Nuovo Unique PRO \u2013 Un camino elettrico che trasforma gli interni - Kominki-Elektryczne.pl<\/title>\n<meta name=\"robots\" content=\"index, follow, max-snippet:-1, max-image-preview:large, max-video-preview:-1\" \/>\n<link rel=\"canonical\" href=\"https:\/\/kominki-elektryczne.pl\/blog\/it\/2025\/04\/09\/nuovo-unique-pro-un-camino-elettrico-che-trasforma-gli-interni\/\" \/>\n<meta property=\"og:locale\" content=\"pl_PL\" \/>\n<meta property=\"og:type\" content=\"article\" \/>\n<meta property=\"og:title\" content=\"Nuovo Unique PRO \u2013 Un camino elettrico che trasforma gli interni - Kominki-Elektryczne.pl\" \/>\n<meta property=\"og:description\" content=\"\u00c8 appena apparso sul mercato un nuovo camino elettrico del marchio Aflamo, che offre una nuova qualit\u00e0 della fiamma e molte funzioni aggiuntive. Unique PRO \u00e8 un moderno camino elettrico da incasso e da parete del marchio Aflamo, che unisce funzionalit\u00e0, estetica e tecnologia avanzata. &hellip;\" \/>\n<meta property=\"og:url\" content=\"https:\/\/kominki-elektryczne.pl\/blog\/it\/2025\/04\/09\/nuovo-unique-pro-un-camino-elettrico-che-trasforma-gli-interni\/\" \/>\n<meta property=\"og:site_name\" content=\"Kominki-Elektryczne.pl\" \/>\n<meta property=\"article:publisher\" content=\"https:\/\/www.facebook.com\/elektrycznekominki\" \/>\n<meta property=\"article:published_time\" content=\"2025-04-09T12:04:42+00:00\" \/>\n<meta property=\"article:modified_time\" content=\"2025-04-09T12:04:43+00:00\" \/>\n<meta property=\"og:image\" content=\"https:\/\/kominki-elektryczne.pl\/blog\/wp-content\/uploads\/2025\/02\/Unique_PRO_room_-shot_2.jpg\" \/>\n\t<meta property=\"og:image:width\" content=\"2048\" \/>\n\t<meta property=\"og:image:height\" content=\"1152\" \/>\n\t<meta property=\"og:image:type\" content=\"image\/jpeg\" \/>\n<meta name=\"author\" content=\"Kominkowy\" \/>\n<meta name=\"twitter:card\" content=\"summary_large_image\" \/>\n<meta name=\"twitter:label1\" content=\"Napisane przez\" \/>\n\t<meta name=\"twitter:data1\" content=\"Kominkowy\" \/>\n\t<meta name=\"twitter:label2\" content=\"Szacowany czas czytania\" \/>\n\t<meta name=\"twitter:data2\" content=\"2 minuty\" \/>\n<script type=\"application\/ld+json\" class=\"yoast-schema-graph\">{\"@context\":\"https:\/\/schema.org\",\"@graph\":[{\"@type\":\"Article\",\"@id\":\"https:\/\/kominki-elektryczne.pl\/blog\/it\/2025\/04\/09\/nuovo-unique-pro-un-camino-elettrico-che-trasforma-gli-interni\/#article\",\"isPartOf\":{\"@id\":\"https:\/\/kominki-elektryczne.pl\/blog\/it\/2025\/04\/09\/nuovo-unique-pro-un-camino-elettrico-che-trasforma-gli-interni\/\"},\"author\":{\"name\":\"Kominkowy\",\"@id\":\"https:\/\/kominki-elektryczne.pl\/blog\/#\/schema\/person\/045e7544e3e90364f5f82cc509123089\"},\"headline\":\"Nuovo Unique PRO \u2013 Un camino elettrico che trasforma gli interni\",\"datePublished\":\"2025-04-09T12:04:42+00:00\",\"dateModified\":\"2025-04-09T12:04:43+00:00\",\"mainEntityOfPage\":{\"@id\":\"https:\/\/kominki-elektryczne.pl\/blog\/it\/2025\/04\/09\/nuovo-unique-pro-un-camino-elettrico-che-trasforma-gli-interni\/\"},\"wordCount\":487,\"publisher\":{\"@id\":\"https:\/\/kominki-elektryczne.pl\/blog\/#organization\"},\"image\":{\"@id\":\"https:\/\/kominki-elektryczne.pl\/blog\/it\/2025\/04\/09\/nuovo-unique-pro-un-camino-elettrico-che-trasforma-gli-interni\/#primaryimage\"},\"thumbnailUrl\":\"https:\/\/kominki-elektryczne.pl\/blog\/wp-content\/uploads\/2025\/02\/Unique_PRO_room_-shot_2.jpg\",\"keywords\":[\"caminetti Royal Pro\",\"caminetto a led\",\"caminetto elettrico\",\"camino elettrico\",\"camino incorporato\",\"camino senza funzione di riscaldamento\",\"camino senza riscaldamento\",\"camino superb\"],\"inLanguage\":\"pl-PL\"},{\"@type\":\"WebPage\",\"@id\":\"https:\/\/kominki-elektryczne.pl\/blog\/it\/2025\/04\/09\/nuovo-unique-pro-un-camino-elettrico-che-trasforma-gli-interni\/\",\"url\":\"https:\/\/kominki-elektryczne.pl\/blog\/it\/2025\/04\/09\/nuovo-unique-pro-un-camino-elettrico-che-trasforma-gli-interni\/\",\"name\":\"Nuovo Unique PRO \u2013 Un camino elettrico che trasforma gli interni - Kominki-Elektryczne.pl\",\"isPartOf\":{\"@id\":\"https:\/\/kominki-elektryczne.pl\/blog\/#website\"},\"primaryImageOfPage\":{\"@id\":\"https:\/\/kominki-elektryczne.pl\/blog\/it\/2025\/04\/09\/nuovo-unique-pro-un-camino-elettrico-che-trasforma-gli-interni\/#primaryimage\"},\"image\":{\"@id\":\"https:\/\/kominki-elektryczne.pl\/blog\/it\/2025\/04\/09\/nuovo-unique-pro-un-camino-elettrico-che-trasforma-gli-interni\/#primaryimage\"},\"thumbnailUrl\":\"https:\/\/kominki-elektryczne.pl\/blog\/wp-content\/uploads\/2025\/02\/Unique_PRO_room_-shot_2.jpg\",\"datePublished\":\"2025-04-09T12:04:42+00:00\",\"dateModified\":\"2025-04-09T12:04:43+00:00\",\"breadcrumb\":{\"@id\":\"https:\/\/kominki-elektryczne.pl\/blog\/it\/2025\/04\/09\/nuovo-unique-pro-un-camino-elettrico-che-trasforma-gli-interni\/#breadcrumb\"},\"inLanguage\":\"pl-PL\",\"potentialAction\":[{\"@type\":\"ReadAction\",\"target\":[\"https:\/\/kominki-elektryczne.pl\/blog\/it\/2025\/04\/09\/nuovo-unique-pro-un-camino-elettrico-che-trasforma-gli-interni\/\"]}]},{\"@type\":\"ImageObject\",\"inLanguage\":\"pl-PL\",\"@id\":\"https:\/\/kominki-elektryczne.pl\/blog\/it\/2025\/04\/09\/nuovo-unique-pro-un-camino-elettrico-che-trasforma-gli-interni\/#primaryimage\",\"url\":\"https:\/\/kominki-elektryczne.pl\/blog\/wp-content\/uploads\/2025\/02\/Unique_PRO_room_-shot_2.jpg\",\"contentUrl\":\"https:\/\/kominki-elektryczne.pl\/blog\/wp-content\/uploads\/2025\/02\/Unique_PRO_room_-shot_2.jpg\",\"width\":2048,\"height\":1152},{\"@type\":\"BreadcrumbList\",\"@id\":\"https:\/\/kominki-elektryczne.pl\/blog\/it\/2025\/04\/09\/nuovo-unique-pro-un-camino-elettrico-che-trasforma-gli-interni\/#breadcrumb\",\"itemListElement\":[{\"@type\":\"ListItem\",\"position\":1,\"name\":\"Strona g\u0142\u00f3wna\",\"item\":\"https:\/\/kominki-elektryczne.pl\/blog\/\"},{\"@type\":\"ListItem\",\"position\":2,\"name\":\"Nuovo Unique PRO \u2013 Un camino elettrico che trasforma gli interni\"}]},{\"@type\":\"WebSite\",\"@id\":\"https:\/\/kominki-elektryczne.pl\/blog\/#website\",\"url\":\"https:\/\/kominki-elektryczne.pl\/blog\/\",\"name\":\"Kominki-Elektryczne.pl\",\"description\":\"Opisy - Porady - Recenzje\",\"publisher\":{\"@id\":\"https:\/\/kominki-elektryczne.pl\/blog\/#organization\"},\"potentialAction\":[{\"@type\":\"SearchAction\",\"target\":{\"@type\":\"EntryPoint\",\"urlTemplate\":\"https:\/\/kominki-elektryczne.pl\/blog\/?s={search_term_string}\"},\"query-input\":{\"@type\":\"PropertyValueSpecification\",\"valueRequired\":true,\"valueName\":\"search_term_string\"}}],\"inLanguage\":\"pl-PL\"},{\"@type\":\"Organization\",\"@id\":\"https:\/\/kominki-elektryczne.pl\/blog\/#organization\",\"name\":\"Kominki-Elektryczne.pl\",\"url\":\"https:\/\/kominki-elektryczne.pl\/blog\/\",\"logo\":{\"@type\":\"ImageObject\",\"inLanguage\":\"pl-PL\",\"@id\":\"https:\/\/kominki-elektryczne.pl\/blog\/#\/schema\/logo\/image\/\",\"url\":\"https:\/\/kominki-elektryczne.pl\/blog\/wp-content\/uploads\/2025\/04\/cropped-LogoAflamo.jpg\",\"contentUrl\":\"https:\/\/kominki-elektryczne.pl\/blog\/wp-content\/uploads\/2025\/04\/cropped-LogoAflamo.jpg\",\"width\":200,\"height\":58,\"caption\":\"Kominki-Elektryczne.pl\"},\"image\":{\"@id\":\"https:\/\/kominki-elektryczne.pl\/blog\/#\/schema\/logo\/image\/\"},\"sameAs\":[\"https:\/\/www.facebook.com\/elektrycznekominki\"]},{\"@type\":\"Person\",\"@id\":\"https:\/\/kominki-elektryczne.pl\/blog\/#\/schema\/person\/045e7544e3e90364f5f82cc509123089\",\"name\":\"Kominkowy\",\"image\":{\"@type\":\"ImageObject\",\"inLanguage\":\"pl-PL\",\"@id\":\"https:\/\/kominki-elektryczne.pl\/blog\/#\/schema\/person\/image\/\",\"url\":\"https:\/\/secure.gravatar.com\/avatar\/8c15720599195e8ba4119df2db28ce7e?s=96&d=mm&r=g\",\"contentUrl\":\"https:\/\/secure.gravatar.com\/avatar\/8c15720599195e8ba4119df2db28ce7e?s=96&d=mm&r=g\",\"caption\":\"Kominkowy\"},\"sameAs\":[\"http:\/\/www.kominki-elektryczne.pl\"],\"url\":\"https:\/\/kominki-elektryczne.pl\/blog\/author\/led-handel\/\"}]}<\/script>\n<!-- \/ Yoast SEO plugin. -->","yoast_head_json":{"title":"Nuovo Unique PRO \u2013 Un camino elettrico che trasforma gli interni - Kominki-Elektryczne.pl","robots":{"index":"index","follow":"follow","max-snippet":"max-snippet:-1","max-image-preview":"max-image-preview:large","max-video-preview":"max-video-preview:-1"},"canonical":"https:\/\/kominki-elektryczne.pl\/blog\/it\/2025\/04\/09\/nuovo-unique-pro-un-camino-elettrico-che-trasforma-gli-interni\/","og_locale":"pl_PL","og_type":"article","og_title":"Nuovo Unique PRO \u2013 Un camino elettrico che trasforma gli interni - Kominki-Elektryczne.pl","og_description":"\u00c8 appena apparso sul mercato un nuovo camino elettrico del marchio Aflamo, che offre una nuova qualit\u00e0 della fiamma e molte funzioni aggiuntive. Unique PRO \u00e8 un moderno camino elettrico da incasso e da parete del marchio Aflamo, che unisce funzionalit\u00e0, estetica e tecnologia avanzata. &hellip;","og_url":"https:\/\/kominki-elektryczne.pl\/blog\/it\/2025\/04\/09\/nuovo-unique-pro-un-camino-elettrico-che-trasforma-gli-interni\/","og_site_name":"Kominki-Elektryczne.pl","article_publisher":"https:\/\/www.facebook.com\/elektrycznekominki","article_published_time":"2025-04-09T12:04:42+00:00","article_modified_time":"2025-04-09T12:04:43+00:00","og_image":[{"width":2048,"height":1152,"url":"https:\/\/kominki-elektryczne.pl\/blog\/wp-content\/uploads\/2025\/02\/Unique_PRO_room_-shot_2.jpg","type":"image\/jpeg"}],"author":"Kominkowy","twitter_card":"summary_large_image","twitter_misc":{"Napisane przez":"Kominkowy","Szacowany czas czytania":"2 minuty"},"schema":{"@context":"https:\/\/schema.org","@graph":[{"@type":"Article","@id":"https:\/\/kominki-elektryczne.pl\/blog\/it\/2025\/04\/09\/nuovo-unique-pro-un-camino-elettrico-che-trasforma-gli-interni\/#article","isPartOf":{"@id":"https:\/\/kominki-elektryczne.pl\/blog\/it\/2025\/04\/09\/nuovo-unique-pro-un-camino-elettrico-che-trasforma-gli-interni\/"},"author":{"name":"Kominkowy","@id":"https:\/\/kominki-elektryczne.pl\/blog\/#\/schema\/person\/045e7544e3e90364f5f82cc509123089"},"headline":"Nuovo Unique PRO \u2013 Un camino elettrico che trasforma gli interni","datePublished":"2025-04-09T12:04:42+00:00","dateModified":"2025-04-09T12:04:43+00:00","mainEntityOfPage":{"@id":"https:\/\/kominki-elektryczne.pl\/blog\/it\/2025\/04\/09\/nuovo-unique-pro-un-camino-elettrico-che-trasforma-gli-interni\/"},"wordCount":487,"publisher":{"@id":"https:\/\/kominki-elektryczne.pl\/blog\/#organization"},"image":{"@id":"https:\/\/kominki-elektryczne.pl\/blog\/it\/2025\/04\/09\/nuovo-unique-pro-un-camino-elettrico-che-trasforma-gli-interni\/#primaryimage"},"thumbnailUrl":"https:\/\/kominki-elektryczne.pl\/blog\/wp-content\/uploads\/2025\/02\/Unique_PRO_room_-shot_2.jpg","keywords":["caminetti Royal Pro","caminetto a led","caminetto elettrico","camino elettrico","camino incorporato","camino senza funzione di riscaldamento","camino senza riscaldamento","camino superb"],"inLanguage":"pl-PL"},{"@type":"WebPage","@id":"https:\/\/kominki-elektryczne.pl\/blog\/it\/2025\/04\/09\/nuovo-unique-pro-un-camino-elettrico-che-trasforma-gli-interni\/","url":"https:\/\/kominki-elektryczne.pl\/blog\/it\/2025\/04\/09\/nuovo-unique-pro-un-camino-elettrico-che-trasforma-gli-interni\/","name":"Nuovo Unique PRO \u2013 Un camino elettrico che trasforma gli interni - Kominki-Elektryczne.pl","isPartOf":{"@id":"https:\/\/kominki-elektryczne.pl\/blog\/#website"},"primaryImageOfPage":{"@id":"https:\/\/kominki-elektryczne.pl\/blog\/it\/2025\/04\/09\/nuovo-unique-pro-un-camino-elettrico-che-trasforma-gli-interni\/#primaryimage"},"image":{"@id":"https:\/\/kominki-elektryczne.pl\/blog\/it\/2025\/04\/09\/nuovo-unique-pro-un-camino-elettrico-che-trasforma-gli-interni\/#primaryimage"},"thumbnailUrl":"https:\/\/kominki-elektryczne.pl\/blog\/wp-content\/uploads\/2025\/02\/Unique_PRO_room_-shot_2.jpg","datePublished":"2025-04-09T12:04:42+00:00","dateModified":"2025-04-09T12:04:43+00:00","breadcrumb":{"@id":"https:\/\/kominki-elektryczne.pl\/blog\/it\/2025\/04\/09\/nuovo-unique-pro-un-camino-elettrico-che-trasforma-gli-interni\/#breadcrumb"},"inLanguage":"pl-PL","potentialAction":[{"@type":"ReadAction","target":["https:\/\/kominki-elektryczne.pl\/blog\/it\/2025\/04\/09\/nuovo-unique-pro-un-camino-elettrico-che-trasforma-gli-interni\/"]}]},{"@type":"ImageObject","inLanguage":"pl-PL","@id":"https:\/\/kominki-elektryczne.pl\/blog\/it\/2025\/04\/09\/nuovo-unique-pro-un-camino-elettrico-che-trasforma-gli-interni\/#primaryimage","url":"https:\/\/kominki-elektryczne.pl\/blog\/wp-content\/uploads\/2025\/02\/Unique_PRO_room_-shot_2.jpg","contentUrl":"https:\/\/kominki-elektryczne.pl\/blog\/wp-content\/uploads\/2025\/02\/Unique_PRO_room_-shot_2.jpg","width":2048,"height":1152},{"@type":"BreadcrumbList","@id":"https:\/\/kominki-elektryczne.pl\/blog\/it\/2025\/04\/09\/nuovo-unique-pro-un-camino-elettrico-che-trasforma-gli-interni\/#breadcrumb","itemListElement":[{"@type":"ListItem","position":1,"name":"Strona g\u0142\u00f3wna","item":"https:\/\/kominki-elektryczne.pl\/blog\/"},{"@type":"ListItem","position":2,"name":"Nuovo Unique PRO \u2013 Un camino elettrico che trasforma gli interni"}]},{"@type":"WebSite","@id":"https:\/\/kominki-elektryczne.pl\/blog\/#website","url":"https:\/\/kominki-elektryczne.pl\/blog\/","name":"Kominki-Elektryczne.pl","description":"Opisy - Porady - Recenzje","publisher":{"@id":"https:\/\/kominki-elektryczne.pl\/blog\/#organization"},"potentialAction":[{"@type":"SearchAction","target":{"@type":"EntryPoint","urlTemplate":"https:\/\/kominki-elektryczne.pl\/blog\/?s={search_term_string}"},"query-input":{"@type":"PropertyValueSpecification","valueRequired":true,"valueName":"search_term_string"}}],"inLanguage":"pl-PL"},{"@type":"Organization","@id":"https:\/\/kominki-elektryczne.pl\/blog\/#organization","name":"Kominki-Elektryczne.pl","url":"https:\/\/kominki-elektryczne.pl\/blog\/","logo":{"@type":"ImageObject","inLanguage":"pl-PL","@id":"https:\/\/kominki-elektryczne.pl\/blog\/#\/schema\/logo\/image\/","url":"https:\/\/kominki-elektryczne.pl\/blog\/wp-content\/uploads\/2025\/04\/cropped-LogoAflamo.jpg","contentUrl":"https:\/\/kominki-elektryczne.pl\/blog\/wp-content\/uploads\/2025\/04\/cropped-LogoAflamo.jpg","width":200,"height":58,"caption":"Kominki-Elektryczne.pl"},"image":{"@id":"https:\/\/kominki-elektryczne.pl\/blog\/#\/schema\/logo\/image\/"},"sameAs":["https:\/\/www.facebook.com\/elektrycznekominki"]},{"@type":"Person","@id":"https:\/\/kominki-elektryczne.pl\/blog\/#\/schema\/person\/045e7544e3e90364f5f82cc509123089","name":"Kominkowy","image":{"@type":"ImageObject","inLanguage":"pl-PL","@id":"https:\/\/kominki-elektryczne.pl\/blog\/#\/schema\/person\/image\/","url":"https:\/\/secure.gravatar.com\/avatar\/8c15720599195e8ba4119df2db28ce7e?s=96&d=mm&r=g","contentUrl":"https:\/\/secure.gravatar.com\/avatar\/8c15720599195e8ba4119df2db28ce7e?s=96&d=mm&r=g","caption":"Kominkowy"},"sameAs":["http:\/\/www.kominki-elektryczne.pl"],"url":"https:\/\/kominki-elektryczne.pl\/blog\/author\/led-handel\/"}]}},"_links":{"self":[{"href":"https:\/\/kominki-elektryczne.pl\/blog\/wp-json\/wp\/v2\/posts\/965","targetHints":{"allow":["GET"]}}],"collection":[{"href":"https:\/\/kominki-elektryczne.pl\/blog\/wp-json\/wp\/v2\/posts"}],"about":[{"href":"https:\/\/kominki-elektryczne.pl\/blog\/wp-json\/wp\/v2\/types\/post"}],"author":[{"embeddable":true,"href":"https:\/\/kominki-elektryczne.pl\/blog\/wp-json\/wp\/v2\/users\/1"}],"replies":[{"embeddable":true,"href":"https:\/\/kominki-elektryczne.pl\/blog\/wp-json\/wp\/v2\/comments?post=965"}],"version-history":[{"count":1,"href":"https:\/\/kominki-elektryczne.pl\/blog\/wp-json\/wp\/v2\/posts\/965\/revisions"}],"predecessor-version":[{"id":966,"href":"https:\/\/kominki-elektryczne.pl\/blog\/wp-json\/wp\/v2\/posts\/965\/revisions\/966"}],"wp:featuredmedia":[{"embeddable":true,"href":"https:\/\/kominki-elektryczne.pl\/blog\/wp-json\/wp\/v2\/media\/870"}],"wp:attachment":[{"href":"https:\/\/kominki-elektryczne.pl\/blog\/wp-json\/wp\/v2\/media?parent=965"}],"wp:term":[{"taxonomy":"category","embeddable":true,"href":"https:\/\/kominki-elektryczne.pl\/blog\/wp-json\/wp\/v2\/categories?post=965"},{"taxonomy":"post_tag","embeddable":true,"href":"https:\/\/kominki-elektryczne.pl\/blog\/wp-json\/wp\/v2\/tags?post=965"}],"curies":[{"name":"wp","href":"https:\/\/api.w.org\/{rel}","templated":true}]}}